{"id":9306,"date":"2018-09-04T14:53:21","date_gmt":"2018-09-04T12:53:21","guid":{"rendered":"http:\/\/detlev.von.graeve.org\/?p=9306"},"modified":"2020-05-21T22:36:26","modified_gmt":"2020-05-21T20:36:26","slug":"eine-arme-mbole-figur-inmitten-europas-sakraler-kunst","status":"publish","type":"post","link":"http:\/\/detlev.von.graeve.org\/?p=9306","title":{"rendered":"Eine arme Mbole-Figur inmitten Europas &#8217;sakraler Kunst&#8216;"},"content":{"rendered":"<p>&nbsp;<\/p>\n<h3 style=\"text-align: center;\">Gef\u00fchle im Widerstreit<\/h3>\n<p><a href=\"http:\/\/detlev.von.graeve.org\/wp-content\/uploads\/2018\/08\/Mbole-Portra\u0308t-IMG_0412.jpg\"><img loading=\"lazy\" decoding=\"async\" class=\"alignleft size-medium wp-image-9314\" src=\"http:\/\/detlev.von.graeve.org\/wp-content\/uploads\/2018\/08\/Mbole-Portra\u0308t-IMG_0412-252x360.jpg\" alt=\"\" width=\"252\" height=\"360\" srcset=\"http:\/\/detlev.von.graeve.org\/wp-content\/uploads\/2018\/08\/Mbole-Portra\u0308t-IMG_0412-252x360.jpg 252w, http:\/\/detlev.von.graeve.org\/wp-content\/uploads\/2018\/08\/Mbole-Portra\u0308t-IMG_0412-630x900.jpg 630w, http:\/\/detlev.von.graeve.org\/wp-content\/uploads\/2018\/08\/Mbole-Portra\u0308t-IMG_0412-624x892.jpg 624w, http:\/\/detlev.von.graeve.org\/wp-content\/uploads\/2018\/08\/Mbole-Portra\u0308t-IMG_0412.jpg 699w\" sizes=\"auto, (max-width: 252px) 100vw, 252px\" \/><\/a>Sie hat mich gleich am Stand \u00fcberzeugt, bei allen Vorbehalten, die ich gegen den Figurentyp hege. \u00dcberraschenderweise wirkte sie auf mich vom Gesicht her. Es hat einen weichen Ausdruck, was doch (als &#8218;Modernismus&#8216;) alarmieren sollte.<\/p>\n<p>\u201aSeele\u2019 sollte man bei dieser zur Warnung gezeigten Darstellung eines Geh\u00e4ngten am wenigsten erwarten! Die \u201aafrikanische \u00c4sthetik ist in solchen Dingen \u00e4u\u00dferst lakonisch. Doch deshalb ist noch nicht Schematismus gefordert, zumal bei einer erzieherischen Figur. Auch sind die Gestaltung des Themas durch den Schnitzer und die kultische Verwendung nicht dasselbe. Manche K\u00fcnstler legen mehr hinein als sie m\u00fcssten.<\/p>\n<p>Ich konnte und kann nicht <strong>eine<\/strong> verbotene Zutat erkennen! Keine naturalistische Dramatisierung.<\/p>\n<p>Das ist ja kein Abbild eines in Wirklichkeit Geh\u00e4ngten, sondern die Metapher einer Botschaft, hier einer moralischen Mahnung. Der K\u00f6rper der Figur weckt bei mir altem Lutheraner das Bild eines starken Kruzifix\u2019. \u00c4u\u00dferste Konzentration bei erheblicher Gr\u00f6\u00dfe (84 cm). Gehe ich fehl, wenn ich Trauer, Reue, Bedauern in den Gesichtsz\u00fcgen lese?<!--more--><\/p>\n<h3 style=\"text-align: center;\">Die Norm<\/h3>\n<p>Jedes Dorf hat(te) eine solche Figur f\u00fcr die moralischen Lektionen bei der Aufnahme in die h\u00f6heren R\u00e4nge, entnehme ich Felix (<em>100 tribes&#8230;<\/em>).\u00a0 W\u00e4hrend der Zeremonie wurden die Neulinge vor schwerwiegenden Normverletzungen eindr\u00fccklich gewarnt. Und man wollte eine Figur, die die Strafandrohung verk\u00f6rperte. Dabei war die konventionelle Stilisierung in durchschnittlicher Qualit\u00e4t gewiss der Normalfall, aber jede Figur wurde anders.<\/p>\n<p>\u00d6fter sehe ich das Gestell gleich angeschnitzt, was aber nach Felix nur \u201aselten\u2019 vorkam. Das war auch technisch aufwendig und unn\u00f6tig, denn man band die Figur auf das Gestell.<\/p>\n<p>Ich bewundere an meiner schlichten Figur die \u201anat\u00fcrliche\u2019 Haltung. Das ist eine Illusion, denn in den Proportionen ist der Torso gegen\u00fcber Kopf und Beinen erheblich verl\u00e4ngert. Von den 84cm Gesamth\u00f6he macht er \u00fcberschl\u00e4gig fast die H\u00e4lfte aus, \u00e4hnlich einem Gekreuzigten an fr\u00fchmittelalterlichen Kirchen-Kreuzen.<\/p>\n<div id=\"attachment_9307\" style=\"width: 156px\" class=\"wp-caption alignright\"><a href=\"http:\/\/detlev.von.graeve.org\/wp-content\/uploads\/2018\/08\/Leiris.Delange-p.358419-Mbole-92cmT..jpg\"><img loading=\"lazy\" decoding=\"async\" aria-describedby=\"caption-attachment-9307\" class=\"wp-image-9307\" src=\"http:\/\/detlev.von.graeve.org\/wp-content\/uploads\/2018\/08\/Leiris.Delange-p.358419-Mbole-92cmT.-169x360.jpg\" alt=\"\" width=\"146\" height=\"310\" srcset=\"http:\/\/detlev.von.graeve.org\/wp-content\/uploads\/2018\/08\/Leiris.Delange-p.358419-Mbole-92cmT.-169x360.jpg 169w, http:\/\/detlev.von.graeve.org\/wp-content\/uploads\/2018\/08\/Leiris.Delange-p.358419-Mbole-92cmT.-423x900.jpg 423w, http:\/\/detlev.von.graeve.org\/wp-content\/uploads\/2018\/08\/Leiris.Delange-p.358419-Mbole-92cmT..jpg 470w\" sizes=\"auto, (max-width: 146px) 100vw, 146px\" \/><\/a><p id=\"caption-attachment-9307\" class=\"wp-caption-text\">Leiris.Delange-p.358;419 Mbole-92cmT.<\/p><\/div>\n<div id=\"attachment_9308\" style=\"width: 162px\" class=\"wp-caption alignright\"><a href=\"http:\/\/detlev.von.graeve.org\/wp-content\/uploads\/2018\/08\/Masterpieces111-Mbole_-Ofika.jpg\"><img loading=\"lazy\" decoding=\"async\" aria-describedby=\"caption-attachment-9308\" class=\"wp-image-9308\" src=\"http:\/\/detlev.von.graeve.org\/wp-content\/uploads\/2018\/08\/Masterpieces111-Mbole_-Ofika-176x360.jpg\" alt=\"\" width=\"152\" height=\"310\" srcset=\"http:\/\/detlev.von.graeve.org\/wp-content\/uploads\/2018\/08\/Masterpieces111-Mbole_-Ofika-176x360.jpg 176w, http:\/\/detlev.von.graeve.org\/wp-content\/uploads\/2018\/08\/Masterpieces111-Mbole_-Ofika-441x900.jpg 441w, http:\/\/detlev.von.graeve.org\/wp-content\/uploads\/2018\/08\/Masterpieces111-Mbole_-Ofika.jpg 470w\" sizes=\"auto, (max-width: 152px) 100vw, 152px\" \/><\/a><p id=\"caption-attachment-9308\" class=\"wp-caption-text\">Masterpieces,111-Mbole_ Ofika<\/p><\/div>\n<div id=\"attachment_9309\" style=\"width: 158px\" class=\"wp-caption alignnone\"><a href=\"http:\/\/detlev.von.graeve.org\/wp-content\/uploads\/2018\/08\/Bamert1980-p.294-197Mbole-52cm_0001.jpg\"><img loading=\"lazy\" decoding=\"async\" aria-describedby=\"caption-attachment-9309\" class=\"wp-image-9309\" src=\"http:\/\/detlev.von.graeve.org\/wp-content\/uploads\/2018\/08\/Bamert1980-p.294-197Mbole-52cm_0001-171x360.jpg\" alt=\"\" width=\"148\" height=\"310\" srcset=\"http:\/\/detlev.von.graeve.org\/wp-content\/uploads\/2018\/08\/Bamert1980-p.294-197Mbole-52cm_0001-429x900.jpg 429w, http:\/\/detlev.von.graeve.org\/wp-content\/uploads\/2018\/08\/Bamert1980-p.294-197Mbole-52cm_0001.jpg 470w\" sizes=\"auto, (max-width: 148px) 100vw, 148px\" \/><\/a><p id=\"caption-attachment-9309\" class=\"wp-caption-text\">Bamert1980-p.294-197Mbole-52cm<\/p><\/div>\n<p>&nbsp;<\/p>\n<p><a href=\"http:\/\/detlev.von.graeve.org\/wp-content\/uploads\/2018\/08\/Mbole-Tu\u0308r-IMG_0409.jpg\"><img loading=\"lazy\" decoding=\"async\" class=\"alignleft size-medium wp-image-9315\" src=\"http:\/\/detlev.von.graeve.org\/wp-content\/uploads\/2018\/08\/Mbole-Tu\u0308r-IMG_0409-155x360.jpg\" alt=\"\" width=\"155\" height=\"360\" srcset=\"http:\/\/detlev.von.graeve.org\/wp-content\/uploads\/2018\/08\/Mbole-Tu\u0308r-IMG_0409-155x360.jpg 155w, http:\/\/detlev.von.graeve.org\/wp-content\/uploads\/2018\/08\/Mbole-Tu\u0308r-IMG_0409-388x900.jpg 388w, http:\/\/detlev.von.graeve.org\/wp-content\/uploads\/2018\/08\/Mbole-Tu\u0308r-IMG_0409-624x1446.jpg 624w, http:\/\/detlev.von.graeve.org\/wp-content\/uploads\/2018\/08\/Mbole-Tu\u0308r-IMG_0409.jpg 698w\" sizes=\"auto, (max-width: 155px) 100vw, 155px\" \/><\/a><\/p>\n<p style=\"text-align: center;\">Meine Figur erf\u00fcllt den Standard:<\/p>\n<p>Doppelkappe, nach vorn verdrehte Arme, die H\u00e4nde auf den Oberschenkeln, vier Einkerbungen rechts und links f\u00fcr die hervorstehenden Rippen; das zur\u00fcck gezogene Brustbein bildet eine flache Kerbe, die d\u00fcnnen Beine, die gebeugten Knie und langen F\u00fc\u00dfe bilden einen Winkel, der das Stehen unm\u00f6glich macht. &#8211; In diesem Fall sind sie bereits abgebrochen und geklebt. &#8211; Figur wie die Person h\u00e4ngt, die beiden Unterschenkel sind durch einen Steg stabilisiert. Das &#8211; in diesem Fall m\u00e4nnliche &#8211; Geschlecht ist ausgebildet (hier mit Hoden).<\/p>\n<p>&nbsp;<\/p>\n<h3><\/h3>\n<p>&nbsp;<\/p>\n<h3 style=\"text-align: center;\">Handwerkliche Qualit\u00e4t<\/h3>\n<p>Die Form ist klar und sauber gearbeitet, das Hartholz (Felix) dicht und fehlerlos. Bei einer Tiefe der Figur von bis zu 18 cm war ein fehlerloser und gerader Abschnitt eines kr\u00e4ftigen Baumstamms n\u00f6tig.<\/p>\n<p>Die Oberfl\u00e4che ist glatt und von dunkelbrauner F\u00e4rbung, ihre Patina &#8211; bis auf die F\u00fc\u00dfe &#8211; leicht gl\u00e4nzend. Auf Gesicht und Brustbein liegen Reste von Kaolin. Die Figur ist so solide und schwer, wie ich das erwarte.<\/p>\n<p>&nbsp;<\/p>\n<h3 style=\"text-align: center;\">\u00a0\u00a0\u00a0\u00a0\u00a0\u00a0\u00a0\u00a0\u00a0\u00a0 <strong>&#8222;Elegant und w\u00fcrdevoll&#8220; &#8211;\u00a0 Francois Neyt<\/strong> findet den richtigen Ton<\/h3>\n<div id=\"attachment_9378\" style=\"width: 154px\" class=\"wp-caption alignleft\"><a href=\"http:\/\/detlev.von.graeve.org\/wp-content\/uploads\/2018\/09\/Neyt-Arts-Trad.-Zaire-p.34-Ii.6-Mbole.jpg\"><img loading=\"lazy\" decoding=\"async\" aria-describedby=\"caption-attachment-9378\" class=\"size-medium wp-image-9378\" src=\"http:\/\/detlev.von.graeve.org\/wp-content\/uploads\/2018\/09\/Neyt-Arts-Trad.-Zaire-p.34-Ii.6-Mbole-144x360.jpg\" alt=\"\" width=\"144\" height=\"360\" srcset=\"http:\/\/detlev.von.graeve.org\/wp-content\/uploads\/2018\/09\/Neyt-Arts-Trad.-Zaire-p.34-Ii.6-Mbole-144x360.jpg 144w, http:\/\/detlev.von.graeve.org\/wp-content\/uploads\/2018\/09\/Neyt-Arts-Trad.-Zaire-p.34-Ii.6-Mbole.jpg 359w\" sizes=\"auto, (max-width: 144px) 100vw, 144px\" \/><\/a><p id=\"caption-attachment-9378\" class=\"wp-caption-text\">Neyt Arts Trad&#8230;. p.34 II.6<\/p><\/div>\n<p style=\"text-align: center;\">\u00a0(Anthropologe &amp; Benediktinerm\u00f6nch), in <em>Arts Traditionnels<\/em> .. <em>Zaire<\/em> 1981, p.34:<\/p>\n<p style=\"text-align: left;\"><em>\u00a0&#8222;<\/em><em>Die n\u00f6rdlichen Mbole haben eine elegante, w\u00fcrdevolle Figur geschaffen, mit langen scharf gebeugten Gliedern. Die halbkreisf\u00f6rmige hoch gek\u00e4mmte Frisur zeigt eine breite freie Stirnpartie, ein konkaves Gesicht mit vorstehendem gez\u00e4hntem Mund, geschlitzten Augen und langem Nasenr\u00fccken (fig. II.6)&#8220;<\/em><\/p>\n<h3><\/h3>\n<h3 style=\"text-align: center;\">Vorf\u00fchrung bei einem K\u00fcnstler und \u00c4stheten fortgeschrittenen Alters<\/h3>\n<h3><a href=\"http:\/\/detlev.von.graeve.org\/wp-content\/uploads\/2018\/08\/bei-Klaus-IMG_0415.jpg\"><img loading=\"lazy\" decoding=\"async\" class=\"alignleft size-medium wp-image-9316\" src=\"http:\/\/detlev.von.graeve.org\/wp-content\/uploads\/2018\/08\/bei-Klaus-IMG_0415-360x270.jpg\" alt=\"\" width=\"360\" height=\"270\" srcset=\"http:\/\/detlev.von.graeve.org\/wp-content\/uploads\/2018\/08\/bei-Klaus-IMG_0415-360x270.jpg 360w, http:\/\/detlev.von.graeve.org\/wp-content\/uploads\/2018\/08\/bei-Klaus-IMG_0415-900x675.jpg 900w, http:\/\/detlev.von.graeve.org\/wp-content\/uploads\/2018\/08\/bei-Klaus-IMG_0415-624x468.jpg 624w, http:\/\/detlev.von.graeve.org\/wp-content\/uploads\/2018\/08\/bei-Klaus-IMG_0415.jpg 1000w\" sizes=\"auto, (max-width: 360px) 100vw, 360px\" \/><\/a><\/h3>\n<p>Klaus ist von der Skulptur, die ich an einen chinesischen Stuhl h\u00e4nge, sehr angetan, er will ihre spontan bestimmte Position nicht \u00e4ndern, schleppt ein Bild von sich an. Wir stellen \u00dcbereinstimmungen in den Gesichtern und ihrem Ausdruck fest. Er stimmt meinen Ausf\u00fchrungen zu. Leider kann ich sein Urteil nur unscharf erinnern. Nur, dass Fotos mittig sein m\u00fcssten, damit beide Gesichtsh\u00e4lften gleich belichtet seien. Trotzdem w\u00fcnschte er das Foto an der Kellert\u00fcr im Profil. Er nimmt die Figur am Ende l\u00e4nger auf den Scho\u00df und betrachtet sie und l\u00e4sst sie auf sich wirken.<\/p>\n<p>&nbsp;<\/p>\n<h3 style=\"text-align: center;\">Ins christliche Mittelalter und zur\u00fcck<\/h3>\n<p>Ein paar Tage sp\u00e4ter erinnert Heinz die Figur an das Motiv des &#8218;<em>Jesus op de kolde steen&#8216;<\/em> oder auch <em>&#8218;Jesus op de rast&#8216; <\/em>in gotischen Plastiken. Das l\u00e4sst mir keine Ruhe, und ich finde in Westfalen (\u201eM\u00fcnster, um 1470\/80\u201c), sowie Kalkar am Niederrhein (\u201eChristi Hand einfach abgeschnitten\u201c) und im Museum der niederl\u00e4ndischen Provinz Limburg (\u201e<em>wat je ziet, ben je self<\/em>\u201c, 1.47 m hoch)<\/p>\n<div id=\"attachment_9311\" style=\"width: 330px\" class=\"wp-caption alignleft\"><a href=\"http:\/\/detlev.von.graeve.org\/wp-content\/uploads\/2018\/08\/Christus-a.d.Sein-Kalkar.png\"><img loading=\"lazy\" decoding=\"async\" aria-describedby=\"caption-attachment-9311\" class=\"wp-image-9311\" src=\"http:\/\/detlev.von.graeve.org\/wp-content\/uploads\/2018\/08\/Christus-a.d.Sein-Kalkar-360x221.png\" alt=\"\" width=\"320\" height=\"196\" srcset=\"http:\/\/detlev.von.graeve.org\/wp-content\/uploads\/2018\/08\/Christus-a.d.Sein-Kalkar-360x221.png 360w, http:\/\/detlev.von.graeve.org\/wp-content\/uploads\/2018\/08\/Christus-a.d.Sein-Kalkar-900x552.png 900w, http:\/\/detlev.von.graeve.org\/wp-content\/uploads\/2018\/08\/Christus-a.d.Sein-Kalkar-624x383.png 624w, http:\/\/detlev.von.graeve.org\/wp-content\/uploads\/2018\/08\/Christus-a.d.Sein-Kalkar.png 966w\" sizes=\"auto, (max-width: 320px) 100vw, 320px\" \/><\/a><p id=\"caption-attachment-9311\" class=\"wp-caption-text\">Christus a.d.Stein-Kalkar<\/p><\/div>\n<p><a href=\"http:\/\/detlev.von.graeve.org\/wp-content\/uploads\/2018\/08\/www.limburgsmuseum.nl-.png\"><img loading=\"lazy\" decoding=\"async\" class=\"alignnone size-medium wp-image-9312\" src=\"http:\/\/detlev.von.graeve.org\/wp-content\/uploads\/2018\/08\/www.limburgsmuseum.nl--162x360.png\" alt=\"\" width=\"162\" height=\"360\" srcset=\"http:\/\/detlev.von.graeve.org\/wp-content\/uploads\/2018\/08\/www.limburgsmuseum.nl--162x360.png 162w, http:\/\/detlev.von.graeve.org\/wp-content\/uploads\/2018\/08\/www.limburgsmuseum.nl-.png 302w\" sizes=\"auto, (max-width: 162px) 100vw, 162px\" \/><\/a><\/p>\n<p>Beispiele f\u00fcr einen Passionstyp, der eine damals gef\u00fchlte L\u00fccke zwischen der kanonisch \u00fcberlieferten Kreuztragung und Kreuzigung f\u00fcllte. Als Mensch war &#8218;Christus&#8216; ersch\u00f6pft und verzweifelt. Gemeinsam ist den Darstellungen der \u201eEindruck verhaltener Innerlichkeit im Leiden. Die ausdrucksvolle Skulptur ist ein typisches Beispiel eines Andachtsbildes des sp\u00e4ten Mittelalters\u201c (paulusdom.de)<\/p>\n<p>Ich will der Skulptur der Mbole nicht eine ihr fremde Botschaft aufdr\u00fccken, aber auch ihrem Sch\u00f6pfer wie ihrem Publikum war menschliches Leiden nicht fremd.<\/p>\n<p>Kunst \u00fcberwindet Kulturgrenzen ohnehin nur in einer tieferen Schicht, nicht durch den eingefahrenen Kulturtourismus mit Gew\u00f6hnungseffekt, durch die Litaneien angelernter Bilderkl\u00e4rer, Medienberichte oder (ungelesene) dickleibige Kataloge.<\/p>\n<p><strong>\u00a0<\/strong><\/p>\n<p style=\"text-align: center;\"><strong>Was ist \u00fcberhaupt &#8218; sakrale Kunst&#8216; in &#8218;Europa&#8216; heute?\u00a0 <\/strong><\/p>\n<p>M.-A. Couturier (+1954) hatte dazu eine klare Position. Als Glask\u00fcnstler war der Dominikaner\u00a0 seit 1919 in den Pariser <em>Ateliers de l\u2019Art Sacr\u00e9 <\/em>t\u00e4tig<em>,<\/em>\u00a0 sp\u00e4ter als Redakteur an der\u00a0 <em>l\u2019Art Sacr\u00e9<\/em> ein halbes Jahrhundert lang treibende Kraft bei dem Versuch einer Erneuerung der &#8222;mediokren&#8220; religi\u00f6sen Kunst in Frankreich. Sein Name bleibt verbunden mit den wenigen herausragenden Projekten der katholischen Kirche: <em>Assy<\/em> (L\u00e9ger), <em>Vence<\/em> (Matisse), Audincourt (<em>L\u00e9ger<\/em>) und <em>Ronchamps<\/em> (Le Corbusier) in den F\u00fcnfziger Jahren. Er sah diese Projekte in einer langen Tradition, als Kirchenf\u00fchrer mutig den gr\u00f6\u00dften Meistern ihrer Zeit die bedeutendsten Monumente des Christentums anvertrauten, wie fremd und revolution\u00e4r diese K\u00fcnstler auch sein mochten. ( <em>Sacred Art, <\/em>34 )<\/p>\n<p><em>Sacred Art<\/em> ist eine posthum von Dominique de Menil und Pie Duploy\u00e9 redigierte Auswahl von programmatischen Texten. Sie ist nur in der amerikanischen \u00dcbertragung von Granger Ryan greifbar (Austin\/Texas 1989). Ihrer sprachlichen Kraft traue ich mehr als meiner \u00dcbersetzung.<\/p>\n<div id=\"attachment_9333\" style=\"width: 690px\" class=\"wp-caption aligncenter\"><a href=\"http:\/\/detlev.von.graeve.org\/wp-content\/uploads\/2018\/08\/Couturier-96-Vence-Matisse.jpg\"><img loading=\"lazy\" decoding=\"async\" aria-describedby=\"caption-attachment-9333\" class=\"wp-image-9333\" src=\"http:\/\/detlev.von.graeve.org\/wp-content\/uploads\/2018\/08\/Couturier-96-Vence-Matisse-900x671.jpg\" alt=\"\" width=\"680\" height=\"507\" srcset=\"http:\/\/detlev.von.graeve.org\/wp-content\/uploads\/2018\/08\/Couturier-96-Vence-Matisse-900x671.jpg 900w, http:\/\/detlev.von.graeve.org\/wp-content\/uploads\/2018\/08\/Couturier-96-Vence-Matisse-360x268.jpg 360w, http:\/\/detlev.von.graeve.org\/wp-content\/uploads\/2018\/08\/Couturier-96-Vence-Matisse-624x465.jpg 624w, http:\/\/detlev.von.graeve.org\/wp-content\/uploads\/2018\/08\/Couturier-96-Vence-Matisse.jpg 1100w\" sizes=\"auto, (max-width: 680px) 100vw, 680px\" \/><\/a><p id=\"caption-attachment-9333\" class=\"wp-caption-text\">Couturier p.96 Vence Matisse<\/p><\/div>\n<p>Unter der \u00dcberschrift &#8222;The Stations of the Cross&#8220; (deutsch: Kreuzweg) schrieb Couturier, weshalb dieses Wandbild von Matisse (1951)\u00a0 f\u00fcr ihn &#8222;<em>the most beautiful thing in the chapel<\/em>&#8220; war:<\/p>\n<p><em>What I see here is something like a large page covered with marks that look like the scribbled, barely legible writing in letters written in an a hurry, under the drive of intense emotion. (&#8230;.)\u00a0 What other writing would be betterwhen I am to be told of the Passion? These violent signs are all I need. They say all that matters: why say morte? (&#8230;.) The terrible news is there, stark , plain, undisguised. (&#8230;.) I see here that the style has nothing in common with what we already knew in Matisse&#8217;s work. Nowhere else do I find this violence, this total absence of the slightest concern for beauty: nothing here is set down to please the eye. Even the numbers of the Stations seem thrown on the wall brutally. (And I remember a remark P\u00e8re Festugi\u00e8re made to me &#8211; that &#8222;the sacred disappears from art whenever a deliberate care for the beauty of forms intervenes.<\/em> (96\/97)<\/p>\n<div class=\"text-wrap\">\n<ul>\n<li class=\"result-shield-container\" style=\"text-align: left;\"><span class=\"tlid-translation translation\"><span class=\"\" title=\"\">&#8222;Ich sehe hier etwas wie eine gro\u00dfe Seite, mit Markierungen bedeckt , die aussehen wie die gekritzelte, kaum lesbare Schrift in eilig geschriebenen Briefen, unter dem Antrieb intensiver Gef\u00fchle.<\/span> <span title=\"\">(&#8230;.) Welche\u00a0 andere Schrift w\u00e4re besser, wenn ich von der Passion erf\u00fchre?<\/span> <span title=\"\">Diese gewaltt\u00e4tigen Zeichen sind alles was ich brauche.<\/span> <span title=\"\">Sie sagen alles, was z\u00e4hlt: Warum mehr sagen?\u00a0<\/span> <span title=\"\">(&#8230;). Die schreckliche Nachricht steht da, stark, klar, unverh\u00fcllt.<\/span> <span title=\"\">(&#8230;.) <\/span><\/span><\/li>\n<li class=\"result-shield-container\" style=\"text-align: left;\"><span class=\"tlid-translation translation\"><span title=\"\">Ich sehe hier, dass der Stil nichts mit dem zu tun hat, was wir bereits in Matisse &#8218;Arbeit kannten.<\/span> <span title=\"\">Nirgendwo sonst finde ich diese Gewalt, diese totale Abwesenheit der geringsten Sorge um die Sch\u00f6nheit: hier ist nichts, was dem Auge gef\u00e4llt.<\/span> <span title=\"\">Selbst die Nummern der Stationen scheinen brutal an die Wand geworfen.<\/span> <span title=\"\">(Und ich erinnere mich an eine Bemerkung, die P\u00e8re Festugi\u00e8re mir gemacht hat: &#8222;Das Heilige verschwindet aus der Kunst, wenn eine bewusste Sorge um die Sch\u00f6nheit der Formen eingreift.&#8220; (96\/97)<br \/>\n<\/span><\/span><\/li>\n<\/ul>\n<\/div>\n<div class=\"tlid-transliteration-content transliteration-content full\"><\/div>\n<p>Couturier stemmte sich unbeirrbar gegen den scheinbar unaufhaltsamen Niedergang christlicher Kunst in Europa (und in den Kolonien). Ich w\u00e4hle drei Aspekte aus:<\/p>\n<h4 style=\"text-align: center;\"><em>The Magnificence of Poverty\u00a0<\/em> (40)\u00a0 &#8211; Die Gro\u00dfartigkeit der Armut<\/h4>\n<p><em>There was a time, and it lasted for centuries, when extreme poverty did not diminish the dignity of forms. But today, in our mindless world, it seems that wealth and poverty alike have lost their proper powers, and both of them debase everything they touch: The houses of the wealthy as well as those of the penniless are almost invariably ugly, amazingly pretentious and unaware of their vulgarity\u201c<\/em>(p.40)<\/p>\n<ul>\n<li>Es gab eine Zeit, die Jahrhunderte andauerte, als die extreme Armut die W\u00fcrde der Formen nicht schm\u00e4lerte. Aber heute, in unserer gedankenlosen Welt, scheint es, dass sowohl Reichtum als auch Armut ihre eigentlichen Kr\u00e4fte verloren haben, und beide entwerten alles, was sie ber\u00fchren: Die H\u00e4user der Wohlhabenden wie auch die der Mittellosen sind fast immer h\u00e4sslich, unglaublich protzig und ihrer Vulgarit\u00e4t nicht bewusst.<\/li>\n<\/ul>\n<h4 style=\"text-align: center;\"><em>Sacred Art and its Public\u00a0 <\/em>(61)\u00a0 &#8211; Sakrale Kunst und ihre \u00d6ffentlichkeit<\/h4>\n<p><em>What we want to do here is to make our readers keenly aware of the misunderstanding that that separates Christian art from its public. To begin with, there is the painful fact that the Christian people have indeed become a \u201cpublic\u201c for their art \u2013 passive or distrustful onlookers in the presence of these sacred works. Yet these works should be born out of the Christian people, should spring fully alive from them, from their life, from their desires: their art should be both the face and the mirror of the Christan soul. That is what sacred art always was in the ages of living faith, and what it no longer is. (&#8230;.)_<\/em><\/p>\n<ul>\n<li>Was wir hier tun wollen, ist, dass wir unseren Lesern in aller Sch\u00e4rfe das Missverst\u00e4ndnis bewusst machen, das die christliche Kunst von ihrer \u00d6ffentlichkeit trennt. Da ist zun\u00e4chst die schmerzliche Tatsache, dass das christliche Volk tats\u00e4chlich zu einer &#8222;\u00d6ffentlichkeit&#8220; f\u00fcr seine Kunst geworden ist \u2013 zu passiven oder misstrauischen Schaulustigen in Gegenwart dieser heiligen Werke. Diese Werke sollten doch aus dem christlichen Volk geboren werden, ganz lebendig aus ihrem Leben, aus ihren W\u00fcnschen hervorgehen: ihre Kunst sollte sowohl das Gesicht als auch der Spiegel der christlichen Seele sein. Das war es, was die sakrale Kunst in den Zeiten des lebendigen Glaubens war und was sie nicht mehr ist. (&#8230;.)<\/li>\n<\/ul>\n<h4 style=\"text-align: center;\">Frommer Kitsch (61)<\/h4>\n<p>Auf der anderen Seite waren Kleriker und fromme Laien lange schon Teil der Misere sakraler Kunst in Frankreich. Die &#8218;Geschmacklosigkeit&#8216; in den meisten Kirchen Frankreichs kann selbst einem oberfl\u00e4chlichen Kulturtouristen kaum entgehen. F\u00fcr Courturier war die Ausbreitung von s\u00fc\u00dflichem Kitsch\u00a0 Indikator f\u00fcr den Zustand des Katholizismus selbst.\u00a0 Nun, ein halbes Jahrhundert sp\u00e4ter ist die tiefe Krise der ehemals herrschenden Weltkirche wirklich nicht mehr zu \u00fcbersehen.<\/p>\n<p><em>There is after all a Catholic art that is very much alive, universally alive \u2013 what is called l\u2019Art de la Saint-Sulpice or bondieuserie (Link). Make no mistake about it: the popularity of the sentimental \u201adevolutional\u201c art is due &#8230; to the fact that the Christian people, with the clergy in the lead, unconsciously recognize themselves in it and are pleased with what they see (&#8230;.) in any Catholic church in Europe, America or Asia. (&#8230;) That is why it is so important to analyse these problems of Christian art correctly: they are inexorable signs of the real condition of Catholizism<\/em> (61)<\/p>\n<ul>\n<li>Es gibt schlie\u00dflich eine katholische Kunst, die sehr lebendig und allgegenw\u00e4rtig ist \u2013 sie wird l&#8217;Art de la Saint-Sulpice oder <em>bondieuserie<\/em> genannt. Machen wir uns nichts vor: Die Popularit\u00e4t der sentimentalen, \u201eerbaulichen&#8220;Kunst liegt daran &#8230; dass das christliche Volk, mit dem Klerus an der Spitze, sich unbewusst darin erkennt und mit dem zufrieden ist, was sie sehen. (&#8230;.) in irgendeiner katholischen Kirche in Europa, Amerika oder Asien. (&#8230;) Es ist deshalb so wichtig, diese Probleme der christlichen Kunst richtig zu analysieren: Sie sind unerbittliche Zeichen des realen Zustandes des Katholizismus.<\/li>\n<\/ul>\n<h4><\/h4>\n<h4 style=\"text-align: center;\">Couturiers Abbitte an die Kolonialv\u00f6lker<\/h4>\n<p>\u00dcber Couturiers Abbitte an die Kolonialv\u00f6lker kommen wir zum Ausgangspunkt zur\u00fcck. Ich weise auf den vor zwei Jahren ver\u00f6ffentlichten Blog hin, worin ich den Artikel \u201eToo Late\u201c reproduziere und kommentiere. (<strong><a href=\"http:\/\/detlev.von.graeve.org\/?p=4403\" target=\"_blank\" rel=\"noopener noreferrer\">Link<\/a><\/strong>)<\/p>\n<h4><\/h4>\n<h4 style=\"text-align: center;\">Ich bin auf der Suche nach Ausnahmen<\/h4>\n<p>Die Krise traditioneller Kunst hat keine Gegend der Welt ausgespart. Und doch war und ist die kulturelle Landschaft viel un\u00fcbersichtlicher, als damals Couturier wissen konnte. Als Sammler hoffe ich grunds\u00e4tzlich auf Nischen und auf Ausnahmen von der Regel, auf Kunsthandwerker und Auftraggeber, die in der Regel unbekannt geblieben oder vergessen worden sind, aber &#8222;deren Arbeiten aus ihrem Volk geboren werden, ganz lebendig aus ihrem (&#8230;) Leben, aus ihren W\u00fcnschen hervorgehen&#8220;, egal, wie und in welchem Ausma\u00df sie heute noch als sakral zu bezeichnen sind.\u00a0 Das &#8218;Sakrale&#8216; &#8211; was immer das war &#8211; \u00fcbte seine Macht mitten im Leben aus, der Vorhang vor seinen Geheimnissen war ziemlich durchsichtig. &#8218;Volksfr\u00f6mmigkeit&#8216; hatte immer ihre zwei Seiten. Eine davon war Ergebnis manipulativer Machtstrategien der &#8218;geistlichen Hirten&#8216;.\u00a0 Aber aus inbr\u00fcnstiger Verehrung konnte Bildersturm werden.<\/p>\n<p>Ich will mehr wissen \u00fcber die <em>Mbole<\/em> und ihre Nachbarn seit der Kolonialzeit! Zum Beispiel, inwieweit ihre B\u00fcnde als verschworene Gemeinschaften im Untergrund \u00fcberlebt haben, ob die D\u00f6rfer unter der endlosen Folge kongolesischer Krisen inzwischen auf ihre traditionellen B\u00fcnde und deren Rituale und Zeichen zur\u00fcckgreifen wie in anderen Regionen des Kongo und Afrikas. Haben sich deren Lehren ge\u00e4ndert, etwa unter der Einwirkung der Kolonialverwaltung, der Unternehmen, der Mission oder der Pfingstkirchenbewegung der Kitawala, die zeitweise in der Gegend einflu\u00dfreich war?<\/p>\n<p>3.9.18<\/p>\n<h1><\/h1>\n<p>&nbsp;<\/p>\n<p>&nbsp;<\/p>\n","protected":false},"excerpt":{"rendered":"<p>&nbsp; Gef\u00fchle im Widerstreit Sie hat mich gleich am Stand \u00fcberzeugt, bei allen Vorbehalten, die ich gegen den Figurentyp hege. \u00dcberraschenderweise wirkte sie auf mich vom Gesicht her. Es hat einen weichen Ausdruck, was doch (als &#8218;Modernismus&#8216;) alarmieren sollte. \u201aSeele\u2019 sollte man bei dieser zur Warnung gezeigten Darstellung eines Geh\u00e4ngten am wenigsten erwarten! Die \u201aafrikanische [&hellip;]<\/p>\n","protected":false},"author":1,"featured_media":0,"comment_status":"open","ping_status":"closed","sticky":false,"template":"","format":"standard","meta":{"footnotes":""},"categories":[213],"tags":[],"class_list":["post-9306","post","type-post","status-publish","format-standard","hentry","category-vom-lomami-und-kongo-nach-sansibar"],"_links":{"self":[{"href":"http:\/\/detlev.von.graeve.org\/index.php?rest_route=\/wp\/v2\/posts\/9306","targetHints":{"allow":["GET"]}}],"collection":[{"href":"http:\/\/detlev.von.graeve.org\/index.php?rest_route=\/wp\/v2\/posts"}],"about":[{"href":"http:\/\/detlev.von.graeve.org\/index.php?rest_route=\/wp\/v2\/types\/post"}],"author":[{"embeddable":true,"href":"http:\/\/detlev.von.graeve.org\/index.php?rest_route=\/wp\/v2\/users\/1"}],"replies":[{"embeddable":true,"href":"http:\/\/detlev.von.graeve.org\/index.php?rest_route=%2Fwp%2Fv2%2Fcomments&post=9306"}],"version-history":[{"count":16,"href":"http:\/\/detlev.von.graeve.org\/index.php?rest_route=\/wp\/v2\/posts\/9306\/revisions"}],"predecessor-version":[{"id":10787,"href":"http:\/\/detlev.von.graeve.org\/index.php?rest_route=\/wp\/v2\/posts\/9306\/revisions\/10787"}],"wp:attachment":[{"href":"http:\/\/detlev.von.graeve.org\/index.php?rest_route=%2Fwp%2Fv2%2Fmedia&parent=9306"}],"wp:term":[{"taxonomy":"category","embeddable":true,"href":"http:\/\/detlev.von.graeve.org\/index.php?rest_route=%2Fwp%2Fv2%2Fcategories&post=9306"},{"taxonomy":"post_tag","embeddable":true,"href":"http:\/\/detlev.von.graeve.org\/index.php?rest_route=%2Fwp%2Fv2%2Ftags&post=9306"}],"curies":[{"name":"wp","href":"https:\/\/api.w.org\/{rel}","templated":true}]}}