{"id":8203,"date":"2024-07-06T18:24:18","date_gmt":"2024-07-06T16:24:18","guid":{"rendered":"http:\/\/detlev.von.graeve.org\/?p=8203"},"modified":"2024-07-28T11:29:34","modified_gmt":"2024-07-28T09:29:34","slug":"ich-entdecke-giacomettis-stehende-in-afrikanischer-stimmung","status":"publish","type":"post","link":"http:\/\/detlev.von.graeve.org\/?p=8203","title":{"rendered":"Ich entdecke Giacomettis \u201aStehende\u2019 in afrikanischer Stimmung. Und Matisse!"},"content":{"rendered":"<h4>Hochgeladen am 4. November 2017; erg\u00e4nzt am 6. Juli 2024<\/h4>\n<h4><span style=\"color: #808080;\"><strong><em>Frau f\u00fcr Venedig IV, 1956, NGMB95\/2000, Museum Berggruen, Berlin am 24.10.2017 :<\/em><\/strong><\/span><\/h4>\n<h3><span style=\"color: #808080;\"><strong><a href=\"http:\/\/detlev.von.graeve.org\/wp-content\/uploads\/2017\/11\/Giacometti-Berggruen.IMG_3785.jpg\"><img loading=\"lazy\" decoding=\"async\" class=\"alignleft size-medium wp-image-8204\" src=\"http:\/\/detlev.von.graeve.org\/wp-content\/uploads\/2017\/11\/Giacometti-Berggruen.IMG_3785-116x360.jpg\" alt=\"Giacometti-Berggruen.IMG_3785\" width=\"116\" height=\"360\" srcset=\"http:\/\/detlev.von.graeve.org\/wp-content\/uploads\/2017\/11\/Giacometti-Berggruen.IMG_3785-116x360.jpg 116w, http:\/\/detlev.von.graeve.org\/wp-content\/uploads\/2017\/11\/Giacometti-Berggruen.IMG_3785-290x900.jpg 290w, http:\/\/detlev.von.graeve.org\/wp-content\/uploads\/2017\/11\/Giacometti-Berggruen.IMG_3785.jpg 354w\" sizes=\"auto, (max-width: 116px) 100vw, 116px\" \/><\/a><\/strong><\/span><\/h3>\n<p>Entdecke den gro\u00dfen Fu\u00df zuerst, so sehr ein Sockel wie eine Fu\u00dffessel<\/p>\n<p>Disproportionalit\u00e4t<\/p>\n<p>Dramatische Verl\u00e4ngerung<\/p>\n<p>Schlangenartig in ihrer Aufrichtung<\/p>\n<p>Schaufelh\u00e4nde markieren die Mitte und rahmen das Geschlecht ein<\/p>\n<p>Die Betonung des Materials durch Oberfl\u00e4chendramatik, vielleicht ein Mittel zur Niederhaltung des europ\u00e4ischen \u201aNaturalismus\u2019, dem nicht so leicht zu entkommen ist.<\/p>\n<p><!--more-->Nur ein paar Bedeutung gebende Zeichen.<\/p>\n<p>Symmetrie, aber mit Abstrichen wie bei einem lebendigen K\u00f6rper<\/p>\n<p>Zweibeinig, aber nur im Prinzip. Was macht das? Es leitet die Energien nach oben und hebt den kleinen Kopf so weit vom Grund ab wie eine Turmspitze.<\/p>\n<p>Stilisierte Schultern<\/p>\n<p>Die eher \u201awestlich\u2019 gro\u00dfen Br\u00fcste sind erlaubt, Nabel im Zentrum<\/p>\n<p>Gestrecktes Bein, zusammengezogener Po, Muskelspannung, die Haltung leicht nach vorn gebeugt \u2013 \u201aafrikanische\u2019 Energie.<\/p>\n<p><a href=\"http:\/\/detlev.von.graeve.org\/wp-content\/uploads\/2017\/11\/Giacometti-Berggruen.jpg\"><img loading=\"lazy\" decoding=\"async\" class=\"alignleft wp-image-8205\" src=\"http:\/\/detlev.von.graeve.org\/wp-content\/uploads\/2017\/11\/Giacometti-Berggruen-270x360.jpg\" alt=\"Giacometti-Berggruen\" width=\"278\" height=\"370\" srcset=\"http:\/\/detlev.von.graeve.org\/wp-content\/uploads\/2017\/11\/Giacometti-Berggruen-270x360.jpg 270w, http:\/\/detlev.von.graeve.org\/wp-content\/uploads\/2017\/11\/Giacometti-Berggruen-675x900.jpg 675w, http:\/\/detlev.von.graeve.org\/wp-content\/uploads\/2017\/11\/Giacometti-Berggruen-624x832.jpg 624w, http:\/\/detlev.von.graeve.org\/wp-content\/uploads\/2017\/11\/Giacometti-Berggruen.jpg 825w\" sizes=\"auto, (max-width: 278px) 100vw, 278px\" \/><\/a> <a href=\"http:\/\/detlev.von.graeve.org\/wp-content\/uploads\/2017\/11\/Giacometti-Berggruen.IMG_3782.jpg\"><img loading=\"lazy\" decoding=\"async\" class=\"wp-image-8206 alignright\" src=\"http:\/\/detlev.von.graeve.org\/wp-content\/uploads\/2017\/11\/Giacometti-Berggruen.IMG_3782-270x360.jpg\" alt=\"Giacometti-Berggruen.IMG_3782\" width=\"278\" height=\"370\" srcset=\"http:\/\/detlev.von.graeve.org\/wp-content\/uploads\/2017\/11\/Giacometti-Berggruen.IMG_3782-270x360.jpg 270w, http:\/\/detlev.von.graeve.org\/wp-content\/uploads\/2017\/11\/Giacometti-Berggruen.IMG_3782-675x900.jpg 675w, http:\/\/detlev.von.graeve.org\/wp-content\/uploads\/2017\/11\/Giacometti-Berggruen.IMG_3782-624x832.jpg 624w, http:\/\/detlev.von.graeve.org\/wp-content\/uploads\/2017\/11\/Giacometti-Berggruen.IMG_3782.jpg 825w\" sizes=\"auto, (max-width: 278px) 100vw, 278px\" \/><\/a><\/p>\n<p>&nbsp;<\/p>\n<p>&nbsp;<\/p>\n<p>&nbsp;<\/p>\n<p>&nbsp;<\/p>\n<p>&nbsp;<\/p>\n<p>&nbsp;<\/p>\n<p>&nbsp;<\/p>\n<p>&nbsp;<\/p>\n<h4 style=\"text-align: center;\">.<\/h4>\n<p>Die Aufsicht schaut bereits misstrauisch. Fr\u00fcher dachte ich auch: Was gibt es an den gekneteten Stelen viel anzuschauen?\u00a0 Zwei andere geben auch schon weniger her\u00a0 \u2013 hier im Berggruen und nebenan bei Scharf-Gerstenberg.<\/p>\n<p style=\"text-align: justify;\"><a href=\"http:\/\/detlev.von.graeve.org\/wp-content\/uploads\/2017\/11\/Giacometti-Gr.Stehende.IMG_3860.jpg\"><img loading=\"lazy\" decoding=\"async\" class=\"alignleft size-medium wp-image-8263\" src=\"http:\/\/detlev.von.graeve.org\/wp-content\/uploads\/2017\/11\/Giacometti-Gr.Stehende.IMG_3860-270x360.jpg\" alt=\"Giacometti-Gr.Stehende.IMG_3860\" width=\"270\" height=\"360\" srcset=\"http:\/\/detlev.von.graeve.org\/wp-content\/uploads\/2017\/11\/Giacometti-Gr.Stehende.IMG_3860-270x360.jpg 270w, http:\/\/detlev.von.graeve.org\/wp-content\/uploads\/2017\/11\/Giacometti-Gr.Stehende.IMG_3860-675x900.jpg 675w, http:\/\/detlev.von.graeve.org\/wp-content\/uploads\/2017\/11\/Giacometti-Gr.Stehende.IMG_3860-624x832.jpg 624w, http:\/\/detlev.von.graeve.org\/wp-content\/uploads\/2017\/11\/Giacometti-Gr.Stehende.IMG_3860.jpg 825w\" sizes=\"auto, (max-width: 270px) 100vw, 270px\" \/><\/a>Im Nachhinein beeindruckt auch die Stehende in der Rotunde. Diese aufrechte W\u00fcrde bei \u00e4u\u00dferst summarischem Po !<\/p>\n<p style=\"text-align: left;\">In Rubins \u201ePrimitivismus\u201c (Prestel 1985) nachgelesen! Doch der tief sch\u00fcrfende Essay von Rosalind Krauss (pp.514-543) sagt uns zum Figurentyp nur Bekanntes, etwa, dass <em>die einzelne, vertikale Figur, die wie ein Denkmal in den Raum ragt, hieratisch, unbeweglich, hoch<\/em> (533), besonders typisch f\u00fcr Giacometti sei. Dabei muss \u201aunbeweglich\u2019 hier nicht zutreffen. Und \u2013 an anderer Stelle \u2013 dass der K\u00fcnstler nach dem Krieg von den in fr\u00fcheren Jahrzehnten starken Impulsen durch \u201aprimitive Kunst\u2019 nicht mehr viel wissen wollte. Das Werk widerlegt seine Erinnerung.<\/p>\n<h5><\/h5>\n<p>&nbsp;<\/p>\n<h4 style=\"text-align: center;\">12.12.2018\u00a0\u00a0\u00a0\u00a0\u00a0\u00a0 Notwendige Einschr\u00e4nkung<\/h4>\n<div id=\"attachment_9787\" style=\"width: 276px\" class=\"wp-caption alignleft\"><a href=\"http:\/\/detlev.von.graeve.org\/wp-content\/uploads\/2017\/11\/Giacometti-Stehende-2018-IMG_4531.jpg\"><img loading=\"lazy\" decoding=\"async\" aria-describedby=\"caption-attachment-9787\" class=\"size-medium wp-image-9787\" src=\"http:\/\/detlev.von.graeve.org\/wp-content\/uploads\/2017\/11\/Giacometti-Stehende-2018-IMG_4531-266x360.jpg\" alt=\"\" width=\"266\" height=\"360\" srcset=\"http:\/\/detlev.von.graeve.org\/wp-content\/uploads\/2017\/11\/Giacometti-Stehende-2018-IMG_4531-266x360.jpg 266w, http:\/\/detlev.von.graeve.org\/wp-content\/uploads\/2017\/11\/Giacometti-Stehende-2018-IMG_4531-664x900.jpg 664w, http:\/\/detlev.von.graeve.org\/wp-content\/uploads\/2017\/11\/Giacometti-Stehende-2018-IMG_4531-624x846.jpg 624w, http:\/\/detlev.von.graeve.org\/wp-content\/uploads\/2017\/11\/Giacometti-Stehende-2018-IMG_4531.jpg 738w\" sizes=\"auto, (max-width: 266px) 100vw, 266px\" \/><\/a><p id=\"caption-attachment-9787\" class=\"wp-caption-text\">Stehende (6.12.2018)<\/p><\/div>\n<p>Die Wirkung ist noch immer &#8222;unbeschreiblich afrikanisch&#8220;.<\/p>\n<p>&nbsp;<\/p>\n<p>Aber an das mittelalterlich gemauerte Verlie\u00df des manischen Kneters und T\u00fcftlers und das f\u00fcr die Modellierung notwendige Eisengestell darf ich nicht denken.<\/p>\n<p><a href=\"http:\/\/detlev.von.graeve.org\/wp-content\/uploads\/2017\/11\/G.-Atelierwand-IMG_4537.jpg\"><img loading=\"lazy\" decoding=\"async\" class=\"alignleft size-thumbnail wp-image-9789\" src=\"http:\/\/detlev.von.graeve.org\/wp-content\/uploads\/2017\/11\/G.-Atelierwand-IMG_4537-170x150.jpg\" alt=\"\" width=\"170\" height=\"150\" \/><\/a><\/p>\n<p>Muss ich auch nicht: Im Kopf des K\u00fcnstlers Giacometti waren Inspiration und das Projekt der Realisierung ungetrennt pr\u00e4sent.<\/p>\n<h3 style=\"text-align: center;\"><\/h3>\n<h3><\/h3>\n<h3 style=\"text-align: center;\"><strong>Eine Aktualisierung zur \u201eMaterialit\u00e4t\u201c Juli 2024 <\/strong><\/h3>\n<h3 style=\"text-align: center;\"><strong>Nach Jean Clair: &#8222;Giacomettis Nase\u201c<\/strong><strong>, Klaus Wagenbach, Berlin 1998 S. 40<\/strong><\/h3>\n<p>Bis auf einen Aspekt m\u00f6chte ich seine Studie auf sich beruhen lassen, die von einer traumatischen Erfahrung Alberto Giacomettis, dem pl\u00f6tzlichen Tod eines engen Freundes,\u00a0 ihren Ariadnefaden spinnt .\u00a0 Jean Clair interpretiert die Materialit\u00e4t der Plastiken Giacomettis der Nachkriegszeit als R\u00fcckversicherung des gest\u00f6rten Bezugs zur Wirklichkeit.<\/p>\n<p><em>\u201eAuf diese Weise kann man feststellen, dass Giacometti in seinem Werk nicht die Hervorbringungen einer <\/em>natura naturata<em> nachahmte, sondern nach den Prinzipien einer <\/em>natura naturans<em> vorging: indem er seine Figuren aufrichtet und sie wachsen l\u00e4sst wie Pflanzen oder in einer Weise, in der die komplizierten Organismen sich gebildet haben, einer ausgekl\u00fcgelten Differenzierung der Arten folgend, indem sie ein Teil, eine Funktion entweder unterdr\u00fcckten oder ihr den Vorzug gaben. Das gilt auch f\u00fcr die massiven Sockel, auf denen die K\u00f6rper der gro\u00dfen Figuren emporragen<\/em>.\u201c<\/p>\n<p>Was f\u00fcr Max Liebermann blo\u00df die Metapher eines Zeugungsaktes war (<a href=\"http:\/\/detlev.von.graeve.org\/?p=15334\" target=\"_blank\" rel=\"noopener\">LINK<\/a>), wird hier quasi alttestamentarisch ausgebreitet. Was tat JEHOVA mit seiner Sch\u00f6pfung denn anderes als zu \u201aGipsen\u2019 (am sechsten Tag \u00fcberdies unvollkommen)? Vergewisserte Er sich etwa des eigenen Bezugs zur Wirklichkeit, wie auch bereits behauptet worden ist?<\/p>\n<p>Was f\u00fcr das Kunstpublikum die Erzeugung von Anschein aus einer vorberechneten Entfernung sein mag, wird vom K\u00fcnstler als kreativer Akt, als Neusch\u00f6pfung der \u201aSch\u00f6pfung\u2019 verstanden. Das ist in den kleinen f\u00fcr Spontaneit\u00e4t offenen Formaten wie Skizzen und Studien am deutlichsten sp\u00fcrbar.<\/p>\n<p>Wenn Max Liebermann oder der sp\u00e4te Fritz Wiegmann (<a href=\"http:\/\/detlev.von.graeve.org\/?p=15733\" target=\"_blank\" rel=\"noopener\">LINK<\/a>)\u00a0 dreidimensional gearbeitet h\u00e4tten, w\u00e4ren die Ergebnisse \u2013 so behaupte ich keck \u2013 denen von Giacometti \u00e4hnlich gewesen. So aber haben sie sich mehr oder weniger konventionell in der \u201aSchaukastenb\u00fchne\u2019 von Keilrahmen und Malkartons ausgetobt.<\/p>\n<p>Die von Clair erw\u00e4hnten \u00fcbergro\u00dfen F\u00fc\u00dfe und Sockel der Plastiken Giacomettis sind auch f\u00fcr zahlreiche afrikanische Figuren nicht unwichtig, ausdr\u00fccklich erw\u00e4hnt in einem Blogbeitrag von 2017. Warum wohl? Sie machen deren Wirklichkeitsbezug sichtbar. (<a href=\"http:\/\/detlev.von.graeve.org\/?p=8203\" target=\"_blank\" rel=\"noopener\">LINK<\/a>)<\/p>\n<p>Trotz meiner unver\u00e4nderten Reserve gegen\u00fcber der Technik des Herumknetens \u00fcber dem Kern einer Eisenstange faszinieren mich die Ergebnisse und ich folge darin auch den Spekulationen Clairs dar\u00fcber, dass sie \u201aEbenbilder\u2019 des Menschen sind.<\/p>\n<p>&nbsp;<\/p>\n<h3 style=\"text-align: center;\">Zur\u00fcck zum Beitrag\u00a0 2017 und nun auch Matisse!<\/h3>\n<p style=\"text-align: left;\">Bl\u00e4tter, Schlangen (&#8222;Drache&#8220;), Menschenfiguren, K\u00f6pfe auf elementare Zeichen reduziert. Und dann die Alterswerke mit F\u00fcnfundachtzig\u00a0 (1952): Farbfl\u00e4chen, Schwung, bewegte Linie, Tanz als Thema! Was hat ihn zu dieser Grobheit, Barbarei &#8211; eigentlich Arm vor Knie &#8211;\u00a0 ermutigt? * Sicher auch die Verwendung als Grafik. Gewiss nicht die Asmat (Westirian bzw. Neuguinea)! Vgl. Jack D. Flam in Rubin &#8222;Primitivismus&#8220; (pp. 217-247, besonders 240ff. ) &#8211; Ein anderes gro\u00dfes Ausschneidebild &#8211; &#8218;La N\u00e9gresse&#8220; 1952 &#8211; wurde von der schwarzen T\u00e4nzerin Josephine Baker angeregt. (240, ill.299).<\/p>\n<p>* Hinweise m\u00f6gen die Notizb\u00fccher (<a href=\"http:\/\/detlev.von.graeve.org\/?p=9517\" target=\"_blank\" rel=\"noopener noreferrer\">LINK<\/a>) des K\u00fcnstlers und M\u00f6nchs Marie-Alain Couturier enthalten, der damals \u00fcber das gemeinsame Projekt der Kapelle in Vence in engem Austausch mit ihm stand. (18.8.2020)<\/p>\n<p><a href=\"http:\/\/detlev.von.graeve.org\/wp-content\/uploads\/2017\/11\/Matisse-Berggruen.IMG_3812K.jpg\"><img loading=\"lazy\" decoding=\"async\" class=\"alignleft size-medium wp-image-8265\" src=\"http:\/\/detlev.von.graeve.org\/wp-content\/uploads\/2017\/11\/Matisse-Berggruen.IMG_3812K-260x360.jpg\" alt=\"Matisse-Berggruen.IMG_3812K\" width=\"260\" height=\"360\" srcset=\"http:\/\/detlev.von.graeve.org\/wp-content\/uploads\/2017\/11\/Matisse-Berggruen.IMG_3812K-260x360.jpg 260w, http:\/\/detlev.von.graeve.org\/wp-content\/uploads\/2017\/11\/Matisse-Berggruen.IMG_3812K-650x900.jpg 650w, http:\/\/detlev.von.graeve.org\/wp-content\/uploads\/2017\/11\/Matisse-Berggruen.IMG_3812K-624x864.jpg 624w, http:\/\/detlev.von.graeve.org\/wp-content\/uploads\/2017\/11\/Matisse-Berggruen.IMG_3812K.jpg 750w\" sizes=\"auto, (max-width: 260px) 100vw, 260px\" \/><\/a><a href=\"http:\/\/detlev.von.graeve.org\/wp-content\/uploads\/2017\/11\/Matisse-Berggruen.IMG_3818.jpg\"><img loading=\"lazy\" decoding=\"async\" class=\"size-medium wp-image-8266 alignright\" src=\"http:\/\/detlev.von.graeve.org\/wp-content\/uploads\/2017\/11\/Matisse-Berggruen.IMG_3818-270x360.jpg\" alt=\"Matisse-Berggruen.IMG_3818\" width=\"270\" height=\"360\" srcset=\"http:\/\/detlev.von.graeve.org\/wp-content\/uploads\/2017\/11\/Matisse-Berggruen.IMG_3818-270x360.jpg 270w, http:\/\/detlev.von.graeve.org\/wp-content\/uploads\/2017\/11\/Matisse-Berggruen.IMG_3818-675x900.jpg 675w, http:\/\/detlev.von.graeve.org\/wp-content\/uploads\/2017\/11\/Matisse-Berggruen.IMG_3818-624x832.jpg 624w, http:\/\/detlev.von.graeve.org\/wp-content\/uploads\/2017\/11\/Matisse-Berggruen.IMG_3818.jpg 750w\" sizes=\"auto, (max-width: 270px) 100vw, 270px\" \/><\/a><\/p>\n<p>&nbsp;<\/p>\n<p>&nbsp;<\/p>\n<p>&nbsp;<\/p>\n<p>&nbsp;<\/p>\n<p>&nbsp;<\/p>\n<p>&nbsp;<\/p>\n<p>&nbsp;<\/p>\n<p>&nbsp;<\/p>\n<p style=\"text-align: center;\"><a href=\"http:\/\/detlev.von.graeve.org\/wp-content\/uploads\/2017\/11\/Matisse-Tuschzeichnungen.IMG_3823.jpg\"><img loading=\"lazy\" decoding=\"async\" class=\"size-medium wp-image-8264 aligncenter\" src=\"http:\/\/detlev.von.graeve.org\/wp-content\/uploads\/2017\/11\/Matisse-Tuschzeichnungen.IMG_3823-360x187.jpg\" alt=\"Matisse-Tuschzeichnungen.IMG_3823\" width=\"360\" height=\"187\" srcset=\"http:\/\/detlev.von.graeve.org\/wp-content\/uploads\/2017\/11\/Matisse-Tuschzeichnungen.IMG_3823-360x187.jpg 360w, http:\/\/detlev.von.graeve.org\/wp-content\/uploads\/2017\/11\/Matisse-Tuschzeichnungen.IMG_3823-900x467.jpg 900w, http:\/\/detlev.von.graeve.org\/wp-content\/uploads\/2017\/11\/Matisse-Tuschzeichnungen.IMG_3823-624x324.jpg 624w, http:\/\/detlev.von.graeve.org\/wp-content\/uploads\/2017\/11\/Matisse-Tuschzeichnungen.IMG_3823.jpg 999w\" sizes=\"auto, (max-width: 360px) 100vw, 360px\" \/><\/a>Die beiden schwarzwei\u00dfen Zeichnungen hat er wohl mit einem einzigen Werkzeug gemacht.\u00a0\u00a0\u00a0 (links:&#8220;Erf\u00fcllte Stille der H\u00e4user&#8220;, 1947)<\/p>\n<p>&nbsp;<\/p>\n<p>&nbsp;<\/p>\n<p>&nbsp;<\/p>\n<p>&nbsp;<\/p>\n<p>&nbsp;<\/p>\n<p>&nbsp;<\/p>\n<p>&nbsp;<\/p>\n","protected":false},"excerpt":{"rendered":"<p>Hochgeladen am 4. November 2017; erg\u00e4nzt am 6. Juli 2024 Frau f\u00fcr Venedig IV, 1956, NGMB95\/2000, Museum Berggruen, Berlin am 24.10.2017 : Entdecke den gro\u00dfen Fu\u00df zuerst, so sehr ein Sockel wie eine Fu\u00dffessel Disproportionalit\u00e4t Dramatische Verl\u00e4ngerung Schlangenartig in ihrer Aufrichtung Schaufelh\u00e4nde markieren die Mitte und rahmen das Geschlecht ein Die Betonung des Materials durch [&hellip;]<\/p>\n","protected":false},"author":1,"featured_media":0,"comment_status":"open","ping_status":"closed","sticky":false,"template":"","format":"standard","meta":{"footnotes":""},"categories":[216,207,17],"tags":[],"class_list":["post-8203","post","type-post","status-publish","format-standard","hentry","category-afrikanische-aesthetik","category-berlin","category-kunstkommissar"],"_links":{"self":[{"href":"http:\/\/detlev.von.graeve.org\/index.php?rest_route=\/wp\/v2\/posts\/8203","targetHints":{"allow":["GET"]}}],"collection":[{"href":"http:\/\/detlev.von.graeve.org\/index.php?rest_route=\/wp\/v2\/posts"}],"about":[{"href":"http:\/\/detlev.von.graeve.org\/index.php?rest_route=\/wp\/v2\/types\/post"}],"author":[{"embeddable":true,"href":"http:\/\/detlev.von.graeve.org\/index.php?rest_route=\/wp\/v2\/users\/1"}],"replies":[{"embeddable":true,"href":"http:\/\/detlev.von.graeve.org\/index.php?rest_route=%2Fwp%2Fv2%2Fcomments&post=8203"}],"version-history":[{"count":16,"href":"http:\/\/detlev.von.graeve.org\/index.php?rest_route=\/wp\/v2\/posts\/8203\/revisions"}],"predecessor-version":[{"id":15872,"href":"http:\/\/detlev.von.graeve.org\/index.php?rest_route=\/wp\/v2\/posts\/8203\/revisions\/15872"}],"wp:attachment":[{"href":"http:\/\/detlev.von.graeve.org\/index.php?rest_route=%2Fwp%2Fv2%2Fmedia&parent=8203"}],"wp:term":[{"taxonomy":"category","embeddable":true,"href":"http:\/\/detlev.von.graeve.org\/index.php?rest_route=%2Fwp%2Fv2%2Fcategories&post=8203"},{"taxonomy":"post_tag","embeddable":true,"href":"http:\/\/detlev.von.graeve.org\/index.php?rest_route=%2Fwp%2Fv2%2Ftags&post=8203"}],"curies":[{"name":"wp","href":"https:\/\/api.w.org\/{rel}","templated":true}]}}