{"id":8158,"date":"2017-10-12T00:42:51","date_gmt":"2017-10-11T22:42:51","guid":{"rendered":"http:\/\/detlev.von.graeve.org\/?p=8158"},"modified":"2024-02-12T18:15:30","modified_gmt":"2024-02-12T17:15:30","slug":"jean-pierre-dubosc-streiflichter","status":"publish","type":"post","link":"http:\/\/detlev.von.graeve.org\/?p=8158","title":{"rendered":"Jean-Pierre Dubosc &#8211; Streiflichter"},"content":{"rendered":"<p>Jean-Pierre\u00a0 Dubosc kommt bereits in Wiegmanns Erinnerungen an das Paris zum Ende der zwanziger Jahre vor, ganz beil\u00e4ufig. <a href=\"http:\/\/detlev.von.graeve.org\/?p=5520\" target=\"_blank\" rel=\"noopener\">(Link)<\/a><!--more--><\/p>\n<div id=\"attachment_9729\" style=\"width: 247px\" class=\"wp-caption alignleft\"><a href=\"http:\/\/detlev.von.graeve.org\/wp-content\/uploads\/2017\/10\/Dubosc-30er.IMG_0116.jpg\"><img loading=\"lazy\" decoding=\"async\" aria-describedby=\"caption-attachment-9729\" class=\"size-medium wp-image-9729\" src=\"http:\/\/detlev.von.graeve.org\/wp-content\/uploads\/2017\/10\/Dubosc-30er.IMG_0116-237x360.jpg\" alt=\"\" width=\"237\" height=\"360\" srcset=\"http:\/\/detlev.von.graeve.org\/wp-content\/uploads\/2017\/10\/Dubosc-30er.IMG_0116-237x360.jpg 237w, http:\/\/detlev.von.graeve.org\/wp-content\/uploads\/2017\/10\/Dubosc-30er.IMG_0116.jpg 526w\" sizes=\"auto, (max-width: 237px) 100vw, 237px\" \/><\/a><p id=\"caption-attachment-9729\" class=\"wp-caption-text\">J.P. Dubosc 1930er Jahre<br \/>( c Privatsammlung )<\/p><\/div>\n<p>Dann wechselt er als Sinologe in den diplomatischen Dienst nach Peiping. Er l\u00e4dt Wiegmann ein und der arbeitet 1936 ein Jahr lang f\u00fcr ihn. Am Ende dieser Zeit organisiert Dubosc an den besten Adressen von Paris f\u00fcr seine neuen Sammlungen zwei Kunstausstellungen: &#8218;hohe&#8216; Ming-Tuschmalereien und bunte Volksdrucke aus chinesischen Manufakturen. Damals ist er Sammler. Wiegmann gelingt es 1938 nicht, zu ihm zur\u00fcckzukehren. 1945 (?) wird Dubosc als Ausl\u00e4nder repatriiert.<\/p>\n<p>Danach wird aus dem Sammler und Diplomaten, der Wohnsitz in Lugano nimmt, der bis heute renommierte Kunsth\u00e4ndler. Regelm\u00e4\u00dfig schickt er Wiegmann zum Jahreswechsel Gr\u00fc\u00dfe; es muss auch Besuche in Lugano gegeben haben. Mir gegen\u00fcber zeigte sich Wiegmann entt\u00e4uscht. Er war ja auch Episode und er war Gehilfe gewesen. Ob er erwartet hatte, dass Dubosc ihm zu einer erneuten Etablierung als K\u00fcnstler verhalf?<\/p>\n<p>Dubosc hat als Privatmann ohne nennenswerte \u00f6ffentliche Karriere auch im Netz kaum Spuren hinterlassen. Darum bin ich hocherfreut \u00fcber<strong> James Cahill<\/strong>&#8217;s\u00a0 <strong>Blog<\/strong> (<strong><a href=\"http:\/\/jamescahill.info\/\" target=\"_blank\" rel=\"noopener\">Link<\/a><\/strong>), wo er aufschlussreiche Erinnerungen\u00a0 an Begegnungen mit Jean-Pierre Dubosc und seiner Frau 1956-57 als junger Doktorand auf Europa-Tour wiedergibt.<\/p>\n<p>Wegen der Unzuverl\u00e4ssigkeit des Mediums f\u00fcge ich die entsprechenden Seiten aus dem <strong>Kapitel 26 <a href=\"http:\/\/jamescahill.info\/the-writings-of-james-cahill\/responses-a-reminiscences\/148-26journey-home-stockholm-to-dc\" target=\"_blank\" rel=\"noopener\">(Link)<\/a><\/strong>: &#8222;<strong>Journey Home, Stockholm to D.C.<\/strong>&#8220; ein:<\/p>\n<div id=\"attachment_8161\" style=\"width: 930px\" class=\"wp-caption aligncenter\"><a href=\"http:\/\/detlev.von.graeve.org\/wp-content\/uploads\/2017\/10\/James-Cahill-Writings.26.p.2.jpg\"><img loading=\"lazy\" decoding=\"async\" aria-describedby=\"caption-attachment-8161\" class=\"wp-image-8161\" src=\"http:\/\/detlev.von.graeve.org\/wp-content\/uploads\/2017\/10\/James-Cahill-Writings.26.p.2.jpg\" alt=\"James Cahill-Writings.26.p.2\" width=\"920\" height=\"1303\" srcset=\"http:\/\/detlev.von.graeve.org\/wp-content\/uploads\/2017\/10\/James-Cahill-Writings.26.p.2.jpg 777w, http:\/\/detlev.von.graeve.org\/wp-content\/uploads\/2017\/10\/James-Cahill-Writings.26.p.2-254x360.jpg 254w, http:\/\/detlev.von.graeve.org\/wp-content\/uploads\/2017\/10\/James-Cahill-Writings.26.p.2-636x900.jpg 636w, http:\/\/detlev.von.graeve.org\/wp-content\/uploads\/2017\/10\/James-Cahill-Writings.26.p.2-624x883.jpg 624w\" sizes=\"auto, (max-width: 920px) 100vw, 920px\" \/><\/a><p id=\"caption-attachment-8161\" class=\"wp-caption-text\">James Cahill-Writings.26.p.2<\/p><\/div>\n<div id=\"attachment_8162\" style=\"width: 933px\" class=\"wp-caption aligncenter\"><a href=\"http:\/\/detlev.von.graeve.org\/wp-content\/uploads\/2017\/10\/James-Cahill-Writings.26.p.3.jpg\"><img loading=\"lazy\" decoding=\"async\" aria-describedby=\"caption-attachment-8162\" class=\"wp-image-8162\" src=\"http:\/\/detlev.von.graeve.org\/wp-content\/uploads\/2017\/10\/James-Cahill-Writings.26.p.3.jpg\" alt=\"James Cahill-Writings.26.p.3\" width=\"923\" height=\"1300\" srcset=\"http:\/\/detlev.von.graeve.org\/wp-content\/uploads\/2017\/10\/James-Cahill-Writings.26.p.3.jpg 777w, http:\/\/detlev.von.graeve.org\/wp-content\/uploads\/2017\/10\/James-Cahill-Writings.26.p.3-256x360.jpg 256w, http:\/\/detlev.von.graeve.org\/wp-content\/uploads\/2017\/10\/James-Cahill-Writings.26.p.3-639x900.jpg 639w, http:\/\/detlev.von.graeve.org\/wp-content\/uploads\/2017\/10\/James-Cahill-Writings.26.p.3-624x879.jpg 624w\" sizes=\"auto, (max-width: 923px) 100vw, 923px\" \/><\/a><p id=\"caption-attachment-8162\" class=\"wp-caption-text\">James Cahill-Writings.26.p.3<\/p><\/div>\n<p>&nbsp;<\/p>\n","protected":false},"excerpt":{"rendered":"<p>Jean-Pierre\u00a0 Dubosc kommt bereits in Wiegmanns Erinnerungen an das Paris zum Ende der zwanziger Jahre vor, ganz beil\u00e4ufig. (Link)<\/p>\n","protected":false},"author":1,"featured_media":0,"comment_status":"open","ping_status":"closed","sticky":false,"template":"","format":"standard","meta":{"footnotes":""},"categories":[270,16],"tags":[],"class_list":["post-8158","post","type-post","status-publish","format-standard","hentry","category-biografie","category-gaeste"],"_links":{"self":[{"href":"http:\/\/detlev.von.graeve.org\/index.php?rest_route=\/wp\/v2\/posts\/8158","targetHints":{"allow":["GET"]}}],"collection":[{"href":"http:\/\/detlev.von.graeve.org\/index.php?rest_route=\/wp\/v2\/posts"}],"about":[{"href":"http:\/\/detlev.von.graeve.org\/index.php?rest_route=\/wp\/v2\/types\/post"}],"author":[{"embeddable":true,"href":"http:\/\/detlev.von.graeve.org\/index.php?rest_route=\/wp\/v2\/users\/1"}],"replies":[{"embeddable":true,"href":"http:\/\/detlev.von.graeve.org\/index.php?rest_route=%2Fwp%2Fv2%2Fcomments&post=8158"}],"version-history":[{"count":9,"href":"http:\/\/detlev.von.graeve.org\/index.php?rest_route=\/wp\/v2\/posts\/8158\/revisions"}],"predecessor-version":[{"id":15289,"href":"http:\/\/detlev.von.graeve.org\/index.php?rest_route=\/wp\/v2\/posts\/8158\/revisions\/15289"}],"wp:attachment":[{"href":"http:\/\/detlev.von.graeve.org\/index.php?rest_route=%2Fwp%2Fv2%2Fmedia&parent=8158"}],"wp:term":[{"taxonomy":"category","embeddable":true,"href":"http:\/\/detlev.von.graeve.org\/index.php?rest_route=%2Fwp%2Fv2%2Fcategories&post=8158"},{"taxonomy":"post_tag","embeddable":true,"href":"http:\/\/detlev.von.graeve.org\/index.php?rest_route=%2Fwp%2Fv2%2Ftags&post=8158"}],"curies":[{"name":"wp","href":"https:\/\/api.w.org\/{rel}","templated":true}]}}