{"id":7938,"date":"2017-11-02T17:13:17","date_gmt":"2017-11-02T16:13:17","guid":{"rendered":"http:\/\/detlev.von.graeve.org\/?p=7938"},"modified":"2024-07-26T14:13:33","modified_gmt":"2024-07-26T12:13:33","slug":"die-macht-einer-polio-puppe-pende","status":"publish","type":"post","link":"http:\/\/detlev.von.graeve.org\/?p=7938","title":{"rendered":"Die Macht einer &#8218;Polio&#8216;-Puppe (Pende) NEU"},"content":{"rendered":"<h3 style=\"text-align: center;\"><span style=\"color: #000000;\"><strong>Die Begegnung<\/strong><\/span><\/h3>\n<p style=\"text-align: justify;\"><span style=\"color: #000000;\"><strong>\u00a0<\/strong><\/span><\/p>\n<p style=\"text-align: justify;\"><span style=\"color: #000000;\"><a style=\"color: #000000;\" href=\"http:\/\/detlev.von.graeve.org\/wp-content\/uploads\/2017\/09\/Pende-Polio-Flohmarkt.jpg\"><img loading=\"lazy\" decoding=\"async\" class=\"alignleft wp-image-7942\" src=\"http:\/\/detlev.von.graeve.org\/wp-content\/uploads\/2017\/09\/Pende-Polio-Flohmarkt-270x360.jpg\" alt=\"Pende-Polio-Flohmarkt\" width=\"330\" height=\"440\" srcset=\"http:\/\/detlev.von.graeve.org\/wp-content\/uploads\/2017\/09\/Pende-Polio-Flohmarkt-270x360.jpg 270w, http:\/\/detlev.von.graeve.org\/wp-content\/uploads\/2017\/09\/Pende-Polio-Flohmarkt-675x900.jpg 675w, http:\/\/detlev.von.graeve.org\/wp-content\/uploads\/2017\/09\/Pende-Polio-Flohmarkt-624x832.jpg 624w, http:\/\/detlev.von.graeve.org\/wp-content\/uploads\/2017\/09\/Pende-Polio-Flohmarkt.jpg 825w\" sizes=\"auto, (max-width: 330px) 100vw, 330px\" \/><\/a><strong>6.Mai 2017<\/strong><\/span><\/p>\n<p style=\"text-align: justify;\"><span style=\"color: #000000;\">Auf dem Markt begegne ich einer starken Figur, dem klassischen afrikanischen Kr\u00fcppel,\u00a0 nicht einmal auf einem der Klapptische, sondern auf einer einfachen Decke am Boden, erschreckend naturalistisch, die eigene Erlebnisse in Erinnerung ruft, zugleich gute klassische Pende-Schnitzerei.<!--more--><\/span><\/p>\n<p>&nbsp;<\/p>\n<p style=\"text-align: justify;\"><span style=\"color: #000000;\">Die Materialien sind: Holz, \u00fcber Holz gespannter Stoff, Rohr, Harz, frische Bananenstrohfrisur; alles zusammen 2kg schwer, 42 cm (mit Frisur 45) hoch, solider aufrechter Stand in realistischer Position.<\/span><\/p>\n<p style=\"text-align: justify;\"><span style=\"color: #000000;\">Anfangs versuche ich den Verk\u00e4ufer mit dem Hinweis auf Museen zu vertr\u00f6sten, aber da bin ich noch nicht sicher, ob er auf dem Markt nicht noch einen \u201aKuriosa\u2019-Liebhaber finden w\u00fcrde. An diesem Tag findet er ihn nicht. Ich kontaktiere ihn einige Tage sp\u00e4ter und erwerbe sie mit Herzklopfen.<\/span><\/p>\n<p style=\"text-align: justify;\"><span style=\"color: #000000;\">Ich kann mit dieser Figur nicht \u201azusammenleben\u2019 wie mit anderen \u2013 ich m\u00fcsste \u201amein Leben \u00e4ndern\u2019 \u2013 aber ich kann sie ins Netz stellen und f\u00fcr \u201areale\u2019 Hilfe werben lassen. Ich m\u00f6chte mehr \u00fcber sie wissen. Irgendwann muss sie in eine Institution.<\/span><\/p>\n<p style=\"text-align: justify;\"><span style=\"color: #000000;\"><strong>\u00a0<\/strong><\/span><\/p>\n<h3 style=\"text-align: center;\"><span style=\"color: #000000;\"><strong>Die Kraft der Figur<\/strong><\/span><\/h3>\n<h4 style=\"text-align: center;\"><span style=\"color: #000000;\"><strong>Der \u00e4sthetische Aspekt<\/strong><\/span><\/h4>\n<p style=\"text-align: justify;\"><span style=\"color: #000000;\"><a style=\"color: #000000;\" href=\"http:\/\/detlev.von.graeve.org\/wp-content\/uploads\/2017\/09\/Pende-Polio-Profil.jpg\"><img loading=\"lazy\" decoding=\"async\" class=\"alignleft size-medium wp-image-7941\" src=\"http:\/\/detlev.von.graeve.org\/wp-content\/uploads\/2017\/09\/Pende-Polio-Profil-261x360.jpg\" alt=\"Pende-Polio-Profil\" width=\"261\" height=\"360\" srcset=\"http:\/\/detlev.von.graeve.org\/wp-content\/uploads\/2017\/09\/Pende-Polio-Profil-261x360.jpg 261w, http:\/\/detlev.von.graeve.org\/wp-content\/uploads\/2017\/09\/Pende-Polio-Profil-652x900.jpg 652w, http:\/\/detlev.von.graeve.org\/wp-content\/uploads\/2017\/09\/Pende-Polio-Profil-624x862.jpg 624w, http:\/\/detlev.von.graeve.org\/wp-content\/uploads\/2017\/09\/Pende-Polio-Profil.jpg 724w\" sizes=\"auto, (max-width: 261px) 100vw, 261px\" \/><\/a>Der K\u00fcnstler hat vor allem die entscheidenden Winkel von H\u00e4nden und F\u00fc\u00dfen genial gestaltet. <a style=\"color: #000000;\" href=\"http:\/\/detlev.von.graeve.org\/wp-content\/uploads\/2017\/09\/Pende-Polio-Gelenkge.jpg\"><img loading=\"lazy\" decoding=\"async\" class=\"alignright size-thumbnail wp-image-7940\" src=\"http:\/\/detlev.von.graeve.org\/wp-content\/uploads\/2017\/09\/Pende-Polio-Gelenkge-170x150.jpg\" alt=\"Pende-Polio-Gelenkge\" width=\"170\" height=\"150\" \/><\/a>Immer wieder schaue ich ungl\u00e4ubig auf die durch T\u00fccher und Harz verbundenen Bambusrohre. Die Winkel \u2013 auch die der starr gespreizten Finger und Zehen \u2013 sind \u201aRealit\u00e4t\u2019.<\/span><\/p>\n<p style=\"text-align: justify;\"><span style=\"color: #000000;\">Danach frage ich mich gar nicht bei dem Oberk\u00f6rper, der ein Hemd glaubhaft macht mittels des sich kantig durchdr\u00fcckenden \u201aK\u00f6rpers\u2019 aus Holz, wie anzunehmen ist. Und erst recht nicht bei einem Gesicht, das zugleich den \u201arealistischen\u2019 Ausdruck einer wiederholten physischen Anstrengung zeigt wie die typischen Gesichtstraditionen der n\u00f6rdlichen Pende-Masken.<\/span><\/p>\n<p style=\"text-align: justify;\"><span style=\"color: #000000;\">Wie schrieb noch <strong>Rubin in \u201aPrimitivismus\u2019<\/strong>:<\/span><\/p>\n<p style=\"text-align: justify;\"><span style=\"color: #000000;\">\u201e<em>Der K\u00fcnstler brauchte nur die traditionelle Stilisierung seines Volkes auf physische Ph\u00e4nomene zu \u00fcbertragen. Picassos Verzerrungen waren hingegen eine erfundene Projektion&#8230;<\/em>\u201c (274)<\/span><\/p>\n<p style=\"text-align: justify;\"><span style=\"color: #000000;\">Und was ist nun \u201a<em>gewaltsamer<\/em>\u2019? F\u00fcr mich immer noch die Realit\u00e4t. \u00c4sthetik ist doch Schein, Schall und Rauch.<\/span><\/p>\n<p style=\"text-align: justify;\"><span style=\"color: #000000;\">Die \u00e4sthetische Qualit\u00e4t des geschnitzten Gesichts r\u00fchrt mich besonders. Keine Koketterie verw\u00e4ssert die Kraft der Tradition.<\/span><\/p>\n<h4 style=\"text-align: center;\"><span style=\"color: #000000;\"><strong>Ihre mobilisierende Kraft<\/strong><\/span><\/h4>\n<p style=\"text-align: justify;\"><span style=\"color: #000000;\">Ein paar Tage sp\u00e4ter. Ihre Kraft erweist sich in meiner Spende f\u00fcr das Unicef-Programm. Zugegeben, ich habe mir zuvor den bewegenden <strong>Dokumentarfilm \u201eBenda Bilili<\/strong>\u201c <a style=\"color: #000000;\" href=\"https:\/\/de.wikipedia.org\/wiki\/Staff_Benda_Bilili\" target=\"_blank\" rel=\"noopener noreferrer\">(Link zu Wikipedia)<\/a> noch einmal angesehen und die Untertitel zweier Liedtexte der Bettler-Band aus Kinshasa kopiert.<\/span><\/p>\n<p style=\"text-align: justify;\"><span style=\"color: #000000;\"><em>\u00a0<\/em><\/span><\/p>\n<h4 style=\"text-align: justify;\"><span style=\"color: #000000;\"><strong><em>Staff Benda Bilili. Papa Ricky ist der Vater der Stra\u00dfenkids&#8230;.<\/em><\/strong><\/span><\/h4>\n<p><span style=\"color: #000000;\"><strong><em>\u00a0<\/em><\/strong><em>Einst schlief ich auf Kartons<\/em><\/span><\/p>\n<p style=\"text-align: justify;\"><span style=\"color: #000000;\"><em>Bingo, bald leist\u2019 ich mir \u2019ne Matraze<\/em><\/span><\/p>\n<p style=\"text-align: justify;\"><span style=\"color: #000000;\"><em>Das kann auch dir passieren<\/em><\/span><\/p>\n<p style=\"text-align: justify;\"><span style=\"color: #000000;\"><em>Dir, ihm, euch<\/em><\/span><\/p>\n<p style=\"text-align: justify;\"><span style=\"color: #000000;\"><em>Ein Mann ist nie am ende<\/em><\/span><\/p>\n<p style=\"text-align: justify;\"><span style=\"color: #000000;\"><em>Das Gl\u00fcck kommt unverhofft<\/em><\/span><\/p>\n<p style=\"text-align: justify;\"><span style=\"color: #000000;\"><em>Es ist im Leben nie zu sp\u00e4t<\/em><\/span><\/p>\n<p style=\"text-align: justify;\"><span style=\"color: #000000;\"><em>Eines Tages werden wir es schaffen<\/em><\/span><\/p>\n<p style=\"text-align: justify;\"><span style=\"color: #000000;\"><em>Einst schlief ich auf Kartons &#8230;.<\/em><\/span><\/p>\n<p style=\"text-align: justify;\"><span style=\"color: #000000;\"><em>Niemandem steht es an andere zu verurteilen<\/em><\/span><\/p>\n<p style=\"text-align: justify;\"><span style=\"color: #000000;\"><em>Das Leben kommt und geht<\/em><\/span><\/p>\n<p style=\"text-align: justify;\"><span style=\"color: #000000;\"><em>Niemand steht es zu, ein Stra\u00dfenkind zu verurteilen<\/em><\/span><\/p>\n<p style=\"text-align: justify;\"><span style=\"color: #000000;\"><em>Niemand sucht sich sein Leben aus<\/em><\/span><\/p>\n<p style=\"text-align: justify;\"><span style=\"color: #000000;\"><em>Die Kinder vom Mandela-Kreisel sind gro\u00dfe Stars<\/em><\/span><\/p>\n<p style=\"text-align: justify;\"><span style=\"color: #000000;\"><em>Sie schlafen auf Kartons<\/em><\/span><\/p>\n<p style=\"text-align: justify;\"><span style=\"color: #000000;\"><em>Die Behinderten von Plateform sind gro\u00dfe Stars<\/em><\/span><\/p>\n<p style=\"text-align: justify;\"><span style=\"color: #000000;\"><em>Sie schlafen auf Kartons<\/em><\/span><\/p>\n<p style=\"text-align: justify;\"><span style=\"color: #000000;\"><em>Wir haben Kartons!<\/em><\/span><\/p>\n<p style=\"text-align: justify;\"><span style=\"color: #000000;\"><em>Es steht dir nicht zu, mich auszulachen :\/<\/em><\/span><\/p>\n<p style=\"text-align: justify;\"><span style=\"color: #000000;\"><em>\u00a0<\/em><\/span><\/p>\n<h4 style=\"text-align: justify;\"><span style=\"color: #000000;\"><strong>Im <em>Centre pour h\u00e9bergement des handicap\u00e9s physiques sinistr\u00e9s<\/em> in Kinshasa singt er:<\/strong><\/span><\/h4>\n<p style=\"text-align: justify;\"><span style=\"color: #000000;\"><em>Ich bin gesund geboren<\/em><\/span><\/p>\n<p style=\"text-align: justify;\"><span style=\"color: #000000;\"><em>Aber dann hat mich die Polio erwischt<\/em><\/span><\/p>\n<p style=\"text-align: justify;\"><span style=\"color: #000000;\"><em>Schau mich heute an, gefesselt an mein Dreirad<\/em><\/span><\/p>\n<p style=\"text-align: justify;\"><span style=\"color: #000000;\"><em>Ich laufe an Kr\u00fccken<\/em><\/span><\/p>\n<p style=\"text-align: justify;\"><span style=\"color: #000000;\"><em>Bin zum Mann mit dem Kr\u00fcckstock geworden<\/em><\/span><\/p>\n<p style=\"text-align: justify;\"><span style=\"color: #000000;\"><em>Verfluchte Kr\u00fccken<\/em><\/span><\/p>\n<p style=\"text-align: justify;\"><span style=\"color: #000000;\"><em>Welche Schinderei<\/em><\/span><\/p>\n<p style=\"text-align: justify;\"><span style=\"color: #000000;\"><em>Verantwortungsvolle M\u00fctter<\/em><\/span><\/p>\n<p style=\"text-align: justify;\"><span style=\"color: #000000;\"><em>Gehen ins Impfzentrum <\/em><\/span><\/p>\n<p style=\"text-align: justify;\"><span style=\"color: #000000;\"><em>Und lassen ihre Babys impfen gegen Kinderl\u00e4hmung<\/em><\/span><\/p>\n<p style=\"text-align: justify;\"><span style=\"color: #000000;\"><em>H\u00f6rt ihr Eltern<\/em><\/span><\/p>\n<p style=\"text-align: justify;\"><span style=\"color: #000000;\"><em>Vernachl\u00e4ssigt eure Kinder nicht mehr<\/em><\/span><\/p>\n<p style=\"text-align: justify;\"><span style=\"color: #000000;\"><em>Das an Kinderl\u00e4hmung leidet<\/em><\/span><\/p>\n<p style=\"text-align: justify;\"><span style=\"color: #000000;\"><em>Und das Unversehrte<\/em><\/span><\/p>\n<p style=\"text-align: justify;\"><span style=\"color: #000000;\"><em>Es besteht kein Unterschied zwischen beiden<\/em><\/span><\/p>\n<p style=\"text-align: justify;\"><span style=\"color: #000000;\"><em>Wer wei\u00df, welches dir sp\u00e4ter hilft<\/em><\/span><\/p>\n<p style=\"text-align: justify;\"><span style=\"color: #000000;\"><em>Gott im Himmel<\/em><\/span><\/p>\n<p style=\"text-align: justify;\"><span style=\"color: #000000;\"><em>Ich erfinde nichts. Meine Lieder erz\u00e4hlen von meinem Leben. <\/em> (12\u2019)<\/span><\/p>\n<h3 style=\"text-align: center;\"><span style=\"color: #000000;\"><strong><a style=\"color: #000000;\" href=\"https:\/\/de.wikipedia.org\/wiki\/Poliomyelitis\" target=\"_blank\" rel=\"noopener noreferrer\">Poliomyelitis<\/a><\/strong><\/span><\/h3>\n<p style=\"text-align: justify;\"><span style=\"color: #000000;\">Dann google ich \u201aPolio\u2019 und gehe auf die entsprechende UNICEF-Seite.<\/span><\/p>\n<p style=\"text-align: justify;\"><span style=\"color: #000000;\">Ich sch\u00e4me mich \u2013 f\u00fcr meine Unwissenheit und meine soziale H\u00e4rte. Solche Schicksale lassen sich verhindern, ohne dass wir selber \u201abluten\u2019 m\u00fcssen! Ich habe ja Zweifel, ob \u201aKinderleben\u2019 in solchen Milieus auf jeden Fall \u201agerettet\u2019 werden \u201am\u00fcssen\u2019, aber wenn das Kind \u00fcberlebt, sollen ihm auch funktionst\u00fcchtige Gliedma\u00dfen zur Verf\u00fcgung stehen.<\/span><\/p>\n<p style=\"text-align: justify;\"><span style=\"color: #000000;\">Ich bin an der C\u00f4te d\u2019Ivoire solchen Bettlern begegnet. Sie haben mich schockiert. Mir tun auch ihre Ehefrauen leid und ihre Kinder, die sie immerhin ern\u00e4hren k\u00f6nnen. Diese \u00d6konomie empfinde ich spontan als pervers, obschon es eine eigene \u201aHumanit\u00e4t\u2019 dieser Gesellschaften dokumentiert.<\/span><\/p>\n<h4 style=\"text-align: center;\"><span style=\"color: #000000;\">&#8222;Impfaufkl\u00e4rung von T\u00fcr zu T\u00fcr&#8220; UNICEF<\/span><\/h4>\n<p style=\"text-align: justify;\"><span style=\"color: #000000;\">Ich zitiere Ausz\u00fcge aus dem Bericht vom 13. Juli 2012 von Beatrix Hell \u201eImpfaufkl\u00e4rung von T\u00fcr zu T\u00fcr\u201c\u00a0 &#8211;\u00a0 2024 steht ein globaler UNICEF-Erfolgsbericht im Netz <\/span><span style=\"color: #000000;\">(<a href=\"https:\/\/www.unicef.de\/informieren\/aktuelles\/blog\/-\/alle-fragen-und-antworten-zum-thema-polio\/315008\" target=\"_blank\" rel=\"noopener\">LINK<\/a>), <\/span><span style=\"color: #000000;\">der aber die Frage nach den &#8222;Hindernissen in der RDC&#8220; nicht behandelt .<br \/>\n<\/span><\/p>\n<p style=\"text-align: justify;\"><span style=\"color: #000000;\"><em>\u201e Hindernisse bei Impfaktionen<\/em><\/span><\/p>\n<p style=\"text-align: justify;\"><span style=\"color: #000000;\"><em>Schon ein Blick auf die Landkarte verdeutlicht es mir: In einem Land, das sechs bis sieben Mal gr\u00f6\u00dfer ist als Deutschland, sind viele Regionen kaum zug\u00e4nglich. (&#8230;) Jeder Medikamententransport ist aufw\u00e4ndig und kostspielig. Dies gilt vor allem fu\u0308r den sehr Hitze empfindlichen oralen Polio-Impfstoff. Aufgrund der Abgeschiedenheit vieler D\u00f6rfer ist es zudem schwierig, alle Bewohner u\u0308ber das medizinische Angebot zu informieren und zu Impfungen aufzurufen. Oft gibt es keine Elektrizit\u00e4t, kein Fernsehen oder Radio. Dar\u00fcber hinaus darf man nicht vergessen, dass auch kongolesische Eltern Sorge wegen sch\u00e4dlicher Impf-Nebenwirkungen haben.<\/em><\/span><\/p>\n<p style=\"text-align: justify;\"><span style=\"color: #000000;\"><em>Der Widerstand gegen eine Impfung basiert in manchen Regionen aber vor allem auf kulturellen und religi\u00f6sen Vorbehalten. So predigt Marco Kiabuta, ein religi\u00f6ser Fu\u0308hrer in einem Dorf in Nord-Katanga: \u201eWir brauchen keine Impfung, weil wir nur einen Doktor haben und das ist Gott.\u201c<\/em><\/span><\/p>\n<p style=\"text-align: justify;\"><span style=\"color: #000000;\"><em>Um die Impfbereitschaft zu erh\u00f6hen, setzen UNICEF und seine Partner verst\u00e4rkt auf Aufkl\u00e4rung. Daf\u00fcr arbeitet UNICEF mit Hilfsorganisationen, lokalen Initiativen und Gemeinden zusammen und bietet Schulungen an. Auch traditionelle und religi\u00f6se F\u00fchrer wie Dorfchefs und Priester werden zur Mitarbeit gewonnen. Denn gerade sie haben aufgrund ihrer Anerkennung als Autorit\u00e4t einen leichteren Zugang zur Bev\u00f6lkerung. Ihren Worten wird Glauben geschenkt. Am wirkungsvollsten hat sich die Kommunikation im pers\u00f6nlichen Kontakt bewiesen. Geschulte Gemeindemitarbeiter, Gesundheits- und Impfhelfer gehen als so genannte \u201eMobilizer\u201c von T\u00fc\u0308r zu T\u00fc\u0308r, von Familie zu Familie und kl\u00e4ren \u00fcber die Gefahr und den Schutz vor Kinderl\u00e4hmung auf&#8230;. <\/em><\/span><\/p>\n<p style=\"text-align: justify;\"><span style=\"color: #000000;\">Die Darstellung klingt &#8211; auf jeden Fall im Original &#8211; konventionell. Vor allem politische und soziale Probleme werden nach Art von Hilfswerken eben nur angedeutet.<\/span><\/p>\n<h3 style=\"text-align: center;\"><span style=\"color: #000000;\"><strong>In die Welt solcher Krankheitsdarstellungen<\/strong><\/span><\/h3>\n<p style=\"text-align: justify;\"><span style=\"color: #000000;\">Die Frage nach der m\u00f6glichen Verwendung l\u00e4sst mich nicht los. Der Verk\u00e4ufer winkt ab. Die Figur ist durch zu viele H\u00e4nde gegangen.<\/span><\/p>\n<p style=\"text-align: justify;\"><span style=\"color: #000000;\">Ich stelle mir vor: Wenn Gesundheitshelfer durch die D\u00f6rfer gehen, wie UNICEF berichtet, k\u00f6nnte eine solche Figur sie unterst\u00fctzt haben.<\/span><\/p>\n<p style=\"text-align: center;\"><span style=\"color: #000000;\"><strong>Der \u201atraditionelle\u2019 afrikanische Deutungshorizont<\/strong><\/span><\/p>\n<p style=\"text-align: justify;\"><span style=\"color: #000000;\">Ich lese bei <strong>Herreman: To Cure and Protect<\/strong>, p.19 \u201e<em>Many objects which show disease are used to caution against anti-social behavior. &#8230; representations of the negative forces or malevolent spirits that are activated when moral values are transgressed<\/em>.\u201c<\/span><\/p>\n<p style=\"text-align: justify;\"><span style=\"color: #000000;\">(\u201e<em>Viele Objekte, die Krankheiten darstellen, werden benutzt, um vor unsozialem Verhalten zu warnen. Es handelt sich um Darstellungen der negativen M\u00e4chte oder hasserf\u00fcllten\/b\u00f6sen Geister, die vom Versto\u00df gegen moralische Werte aktiviert werden.\u201c)<\/em><\/span><\/p>\n<p style=\"text-align: justify;\"><span style=\"color: #000000;\">Also w\u00e4ren die Opfer selber verantwortlich f\u00fcr die schwere Krankheit, die sie geschlagen hat. Ist das vielleicht ein Motiv daf\u00fcr, dass sich \u00c4lteste gegen Impfungen wehren, eine Drohung aus der Hand zu geben.<\/span><\/p>\n<h4 style=\"text-align: center;\"><span style=\"color: #000000;\"><strong>Eine Anekdote<\/strong><\/span><\/h4>\n<p style=\"text-align: justify;\"><strong><span style=\"color: #000000;\">18.August<\/span><\/strong><\/p>\n<p style=\"text-align: justify;\"><span style=\"color: #000000;\">Telefongespr\u00e4ch mit <strong>Joseph Thiel<\/strong>, dem fr\u00fcheren Direktor des Weltkulturenmuseums in Frankfurt. Er ist wieder einmal von sagenhafter Ausgeglichenheit.<\/span><\/p>\n<p style=\"text-align: justify;\"><span style=\"color: #000000;\">Er sagt, die Schlafkrankheit stehe im Vordergrund des Interesses der Leute. Er erz\u00e4hlt von den medizinischen Trupps, die kommen, um Schwellungen an den Ganglien zu entdecken. Auf dieser 1.Stufe ist die Schlafkrankheit noch mit Spritzen zu behandeln. Doch seit der Unabh\u00e4ngigkeit gibt es kaum noch Stationen und erst recht keine Medikamente.<\/span><\/p>\n<p style=\"text-align: justify;\"><span style=\"color: #000000;\">(Ich beschreibe die Figur.) Ja Pende, das ist typisch f\u00fcr sie. Sie zeigen die Krankheiten \u2013 die andere verstecken \u2013 weil sie das allt\u00e4gliche Leben ganz konkret darstellen. Er kommt auf stark verzerrte Krankheitsmasken zu sprechen. Sie tanzen sie.<\/span><\/p>\n<p style=\"text-align: justify;\"><span style=\"color: #000000;\">Ich: aber was ist mit Figuren?<\/span><\/p>\n<p style=\"text-align: justify;\"><span style=\"color: #000000;\">Er wei\u00df es nicht genau: tanzen oder aufstellen zu bestimmten Zeiten. Von der Verwendung durch Heiler hat er noch nichts geh\u00f6rt. Kommt auf die Literatur zu sprechen, erinnert sich an eine Abbildung, kann sie aber nicht wiederfinden.<\/span><\/p>\n<p style=\"text-align: justify;\"><span style=\"color: #000000;\">Ich sage: die Figur ist solide, ich sch\u00e4tze sie ein halbes Jahrhundert alt.<\/span><\/p>\n<p style=\"text-align: justify;\"><span style=\"color: #000000;\">Er: Es kann auch ein ganzes sein.<\/span><\/p>\n<p style=\"text-align: justify;\"><span style=\"color: #000000;\">Sein Verh\u00e4ltnis zur Welt der Geister, Masken und Figuren ist entspannt.<\/span><\/p>\n<p style=\"text-align: justify;\"><span style=\"color: #000000;\">Als er 1971 das letzte Mal im Kongo war, in den D\u00f6rfern \u201aseiner\u2019 <a href=\"https:\/\/fr.wikipedia.org\/wiki\/Yanzi_(peuple)\" target=\"_blank\" rel=\"noopener noreferrer\">Yanzi<\/a>, entfernten Nachbarn der Pende flussabw\u00e4rts in der Provinz Bandundu,\u00a0 sa\u00df er abends mit den Alten zusammen, als eine junge, ehemals sch\u00f6ne Frau herein gekrochen kam. Nat\u00fcrlich nach Ansicht der Leute verhext und von b\u00f6sen Geistern befallen.<\/span><\/p>\n<p style=\"text-align: justify;\"><span style=\"color: #000000;\">Er erfuhr bei der Gelegenheit, dass sie auch noch von einem verheiraten Mann geschw\u00e4ngert worden sei.<\/span><\/p>\n<p style=\"text-align: justify;\"><span style=\"color: #000000;\">Er zeigte sich zumindest \u00fcberrascht: Das geht doch nicht, sie kann sich so doch gar nicht um das Kleine k\u00fcmmern, das muss dann die Gro\u00dfmutter machen!<\/span><\/p>\n<p style=\"text-align: justify;\"><span style=\"color: #000000;\">Antwort der Alten: Man kann doch einen fruchtbaren Acker nicht brach liegen lassen.<\/span><\/p>\n<h4 style=\"text-align: left;\"><\/h4>\n<h4 style=\"text-align: left;\"><span style=\"color: #000000;\">9. September<\/span><\/h4>\n<h4 style=\"text-align: center;\"><span style=\"color: #000000;\"><strong>\u201eDer fruchtbare Scho\u00df\u201c<\/strong><\/span><\/h4>\n<p style=\"text-align: justify;\"><span style=\"color: #000000;\"><strong>\u00a0<\/strong>Dem Argument des \u201efruchtbaren Ackers\u201c begegne ich \u2013 ohne die Metapher \u2013 in der Einleitung<u> <\/u>von <strong>Zo\u00e9 Strother \u201eInventing Masks\u201c<\/strong> (1998,1999, p.3) wieder. Sie berichtet ein Vorkommnis aus den Jahren 1963-65, als auf eine eng begrenzte Rebellion von Pende gegen das neue Regime in Kinshasa als Repressalie Soldaten zahlreiche D\u00f6rfer im Pendeland pl\u00fcnderten und in Brand steckten. Damals entledigte sich eine junge Mutter auf der Flucht in h\u00f6chster Bedr\u00e4ngnis ihres kleines Sohns und entkam den Soldaten. Den Bub konnte sie danach unverletzt auflesen und zur Familie zur\u00fcckkehren. Sp\u00e4ter musste sie sich \u00f6ffentlich vor den \u00c4ltesten rechtfertigen und brachte ungew\u00f6hnlich selbstbewusst zu ihrer Verteidigung vor:<\/span><\/p>\n<p style=\"text-align: justify;\"><span style=\"color: #000000;\">\u201eH\u00e4tte ich als fruchtbare Frau mein Leben riskieren sollen, um einen kleinen Jungen zu verteidigen &#8230; einen Jungen, der nie auch nur eine Person zu dieser Familie hinzuf\u00fcgen wird?\u201c (lineage) Die Pende sind mutterrechtlich organisiert, und Frauen werfen es ihren Ehem\u00e4nnern manchmal vor, wenn sie nur S\u00f6hne und keine T\u00f6chter geb\u00e4ren.<\/span><\/p>\n<p style=\"text-align: justify;\"><span style=\"color: #000000;\">Unser Thema ist aber nur: Die Fruchtbarkeit von Frauen bedeutet sozial selbstredend Geb\u00e4rzwang. Der steht nat\u00fcrlich im engen Zusammenhang mit Pflichten einer &#8218;Mutter&#8216;, wie sie mir bereits aus dem Buch &#8222;Catastrophe and Creation&#8220; von <strong>Kejsa Ekholm Friedman<\/strong>\u00a0 her bekannt sind (Link auf: &#8222;<a href=\"http:\/\/detlev.von.graeve.org\/?p=5307\" target=\"_blank\" rel=\"noopener noreferrer\">Weiterleben am Kongo&#8230;<\/a>&#8222;, dort der Abschnitt: &#8218;Pflichten einer Frau&#8216;). Daher war das Dorf \u00fcber die Antwort der jungen Frau nat\u00fcrlich hoch emp\u00f6rt. Doch gegen ihr Argument kamen auch die \u00c4ltesten nicht an.<br \/>\n<\/span><\/p>\n<h4 style=\"text-align: center;\"><\/h4>\n<h4 style=\"text-align: center;\"><span style=\"color: #000000;\">&#8222;Sie benutzen uns wie Bruthennen &#8230;&#8220;<\/span><\/h4>\n<p style=\"text-align: justify;\"><strong>taz 4.4.2012<\/strong> Reportage aus dem Nordostkongo, Distrikt Dungu, im Rebellengebiet (von Joseph Kony und seiner LRA. <a href=\"http:\/\/detlev.von.graeve.org\/wp-content\/uploads\/2017\/09\/taz-4.4.2012-Polio-Junge-NOKongo.jpg\"><img loading=\"lazy\" decoding=\"async\" class=\"size-medium wp-image-7974 alignleft\" src=\"http:\/\/detlev.von.graeve.org\/wp-content\/uploads\/2017\/09\/taz-4.4.2012-Polio-Junge-NOKongo-360x270.jpg\" alt=\"taz 4.4.2012- Polio-Junge NOKongo\" width=\"360\" height=\"270\" srcset=\"http:\/\/detlev.von.graeve.org\/wp-content\/uploads\/2017\/09\/taz-4.4.2012-Polio-Junge-NOKongo-360x270.jpg 360w, http:\/\/detlev.von.graeve.org\/wp-content\/uploads\/2017\/09\/taz-4.4.2012-Polio-Junge-NOKongo-624x468.jpg 624w, http:\/\/detlev.von.graeve.org\/wp-content\/uploads\/2017\/09\/taz-4.4.2012-Polio-Junge-NOKongo.jpg 662w\" sizes=\"auto, (max-width: 360px) 100vw, 360px\" \/><\/a><\/p>\n<p style=\"text-align: justify;\">Zun\u00e4chst f\u00e4llt mir dieses Foto ins Auge. In h\u00f6chster Bedr\u00e4ngnis lie\u00df die Familie den gel\u00e4hmten Jungen im Dorf zur\u00fcck. Auch er wurde\u00a0wie der Pende-Knabe. sp\u00e4ter &#8211; das beweist das Foto &#8211; unverletzt gefunden<\/p>\n<p style=\"text-align: justify;\">Was das Bild wohl an Gedanken und Emotionen bei den europ\u00e4ischen Betrachter ausgel\u00f6st hat?<\/p>\n<p style=\"text-align: justify;\">Schlimmer erging es der jungen Mutter,\u00a0 von der am Ende der Reportage die Rede ist. Sie wurde 2012 von der Reporterin Simone Schlindwein in einem Lager der UNHCR interviewt . 2008 war sie mit hunderten von Klassenkameradinnen aus ihrer Schule entf\u00fchrt und versklavt worden. &#8222;Sie haben uns wie Sklaven an einem Seil aneinander gebunden und in den Busch gezerrt.&#8220; Die geschlechtsreifen\u00a0 M\u00e4dchen wurden den K\u00e4mpfern als Frauen gegeben. Sie wurde einem ugandischen K\u00e4mpfer zugeteilt und gebar zehn Monate sp\u00e4ter ihren Sohn. &#8222;Sie benutzen uns wie Bruthennen, um ihre Kinder zu geb\u00e4ren&#8220;.<\/p>\n<p style=\"text-align: justify;\"><strong>2. November<\/strong><\/p>\n<h4 style=\"text-align: center;\">\u201eDas Lied der Antoinette Bukibi\u201c<\/h4>\n<p style=\"text-align: justify;\">Endlich kommen ich dazu, das Buch von Josef Franz Thiel zu lesen:<\/p>\n<p style=\"text-align: justify;\"><strong><em>\u201eJahre im Kongo \u2013 Missionar und Ethnologe bei den Bayansi\u201c, 58 Fotos, 2 Karten, Frankfurt am Main 2001. Vergriffen. Wenige Angebote im Netz zwischen 165 und 3 Euro (1.11.17)<\/em><\/strong><\/p>\n<p style=\"text-align: justify;\">Ein einzigartiges Buch: Einf\u00fchrung in ethnologisches Denken, Feldstudie und Forschungsbericht (zwischen 1961 und 1971), T\u00e4tigkeitsbericht, Analyse des institutionellen Rahmens katholischer Heidenmission im 20. Jahrhundert, Autobiografie \u2013 unpr\u00e4tenti\u00f6s und \u00fcber weite Strecken unterhaltsam wie ein Schm\u00f6ker. (Ich sage so etwas ganz selten!)<\/p>\n<p style=\"text-align: justify;\">F\u00fcr meine Webseite kann es wichtig werden als Folie, die alle m\u00f6glichen Aspekte der Gesellschaft und des Denkens der V\u00f6lker Zentralafrikas verbindet.<\/p>\n<p style=\"text-align: justify;\">Im Kapitel \u201eLiteratur ohne Schrift\u201c auf den Seiten 100 bis 103 begegnet uns die verkr\u00fcppelte Frau <strong>Antoinette Bukibi<\/strong>, die in einer geselligen d\u00f6rflichen Runde ihr Lied in traditionellem Stil vortr\u00e4gt. Sie erregt als S\u00e4ngerin bei den Anwesenden Erstaunen. Der Autor transkribiert, \u00fcbersetzt und interpretiert den Text in den n\u00e4chsten Tagen mit der Hilfe seines lokalen Assistenten. Dabei kommt nicht nur die Poetik der Bayansi zur Sprache und ihre Umformung allt\u00e4glicher Realit\u00e4ten, auch\u00a0 steht <strong>Antoinette Bukibi <\/strong>in ihrem Leid und ihrem Stolz unverk\u00fcrzt vor uns.<\/p>\n<p style=\"text-align: justify;\">Das verbindet sie mit<strong><em> Papa Ricky <\/em><\/strong>von<em> Staff Benda Bilili<\/em><em>, <\/em>hebt aber ihre Dichtung in meinen Augen\u00a0 \u00fcber das Lied des Stra\u00dfens\u00e4ngers in Kinshasa hinaus.<\/p>\n<p style=\"text-align: justify;\">Die Auffassungen der <em>Yansi<\/em> zum Leben im Allgemeinen und zu Frauen im Besonderen kommen auch nicht mehr so holzschnitthaft und skandal\u00f6s daher wie in der m\u00fcndlichen Mitteilung. Wir werden uns ihnen behutsamer n\u00e4hern m\u00fcssen. Menschlichkeit tritt auf der B\u00fchne der Geschichte\u00a0 in den kuriosesten Verkleidungen auf. Schauen wir nur einmal auf die eigene Umgebung.<\/p>\n<p style=\"text-align: justify;\"><a href=\"http:\/\/detlev.von.graeve.org\/wp-content\/uploads\/2017\/09\/F.J.Thiel_.2001.Lied_Antoinette_Bukibi.100.jpg\"><img loading=\"lazy\" decoding=\"async\" class=\"aligncenter wp-image-8194\" src=\"http:\/\/detlev.von.graeve.org\/wp-content\/uploads\/2017\/09\/F.J.Thiel_.2001.Lied_Antoinette_Bukibi.100-589x900.jpg\" alt=\"F.J.Thiel.2001.Lied_Antoinette_Bukibi.100\" width=\"655\" height=\"1001\" srcset=\"http:\/\/detlev.von.graeve.org\/wp-content\/uploads\/2017\/09\/F.J.Thiel_.2001.Lied_Antoinette_Bukibi.100-589x900.jpg 589w, http:\/\/detlev.von.graeve.org\/wp-content\/uploads\/2017\/09\/F.J.Thiel_.2001.Lied_Antoinette_Bukibi.100-236x360.jpg 236w, http:\/\/detlev.von.graeve.org\/wp-content\/uploads\/2017\/09\/F.J.Thiel_.2001.Lied_Antoinette_Bukibi.100-624x954.jpg 624w, http:\/\/detlev.von.graeve.org\/wp-content\/uploads\/2017\/09\/F.J.Thiel_.2001.Lied_Antoinette_Bukibi.100.jpg 719w\" sizes=\"auto, (max-width: 655px) 100vw, 655px\" \/><\/a><\/p>\n<p style=\"text-align: justify;\"><a href=\"http:\/\/detlev.von.graeve.org\/wp-content\/uploads\/2017\/09\/F.J.Thiel_.2001.Lied_Antoinette_Bukibi.101.jpg\"><img loading=\"lazy\" decoding=\"async\" class=\"aligncenter wp-image-8195\" src=\"http:\/\/detlev.von.graeve.org\/wp-content\/uploads\/2017\/09\/F.J.Thiel_.2001.Lied_Antoinette_Bukibi.101-645x900.jpg\" alt=\"F.J.Thiel.2001.Lied_Antoinette_Bukibi.101\" width=\"717\" height=\"1000\" srcset=\"http:\/\/detlev.von.graeve.org\/wp-content\/uploads\/2017\/09\/F.J.Thiel_.2001.Lied_Antoinette_Bukibi.101-645x900.jpg 645w, http:\/\/detlev.von.graeve.org\/wp-content\/uploads\/2017\/09\/F.J.Thiel_.2001.Lied_Antoinette_Bukibi.101-258x360.jpg 258w, http:\/\/detlev.von.graeve.org\/wp-content\/uploads\/2017\/09\/F.J.Thiel_.2001.Lied_Antoinette_Bukibi.101-624x870.jpg 624w, http:\/\/detlev.von.graeve.org\/wp-content\/uploads\/2017\/09\/F.J.Thiel_.2001.Lied_Antoinette_Bukibi.101.jpg 719w\" sizes=\"auto, (max-width: 717px) 100vw, 717px\" \/><\/a><\/p>\n<p style=\"text-align: justify;\"><a href=\"http:\/\/detlev.von.graeve.org\/wp-content\/uploads\/2017\/09\/F.J.Thiel_.2001.Lied_Antoinette_Bukibi.102.jpg\"><img loading=\"lazy\" decoding=\"async\" class=\"aligncenter wp-image-8196\" src=\"http:\/\/detlev.von.graeve.org\/wp-content\/uploads\/2017\/09\/F.J.Thiel_.2001.Lied_Antoinette_Bukibi.102-609x900.jpg\" alt=\"F.J.Thiel.2001.Lied_Antoinette_Bukibi.102\" width=\"676\" height=\"1000\" srcset=\"http:\/\/detlev.von.graeve.org\/wp-content\/uploads\/2017\/09\/F.J.Thiel_.2001.Lied_Antoinette_Bukibi.102-609x900.jpg 609w, http:\/\/detlev.von.graeve.org\/wp-content\/uploads\/2017\/09\/F.J.Thiel_.2001.Lied_Antoinette_Bukibi.102-243x360.jpg 243w, http:\/\/detlev.von.graeve.org\/wp-content\/uploads\/2017\/09\/F.J.Thiel_.2001.Lied_Antoinette_Bukibi.102-624x923.jpg 624w, http:\/\/detlev.von.graeve.org\/wp-content\/uploads\/2017\/09\/F.J.Thiel_.2001.Lied_Antoinette_Bukibi.102.jpg 719w\" sizes=\"auto, (max-width: 676px) 100vw, 676px\" \/><\/a><\/p>\n<p style=\"text-align: justify;\"><a href=\"http:\/\/detlev.von.graeve.org\/wp-content\/uploads\/2017\/09\/F.J.Thiel_.2001.Lied_Antoinette_Bukibi.103.jpg\"><img loading=\"lazy\" decoding=\"async\" class=\"aligncenter wp-image-8197\" src=\"http:\/\/detlev.von.graeve.org\/wp-content\/uploads\/2017\/09\/F.J.Thiel_.2001.Lied_Antoinette_Bukibi.103-675x900.jpg\" alt=\"F.J.Thiel.2001.Lied_Antoinette_Bukibi.103\" width=\"752\" height=\"1002\" srcset=\"http:\/\/detlev.von.graeve.org\/wp-content\/uploads\/2017\/09\/F.J.Thiel_.2001.Lied_Antoinette_Bukibi.103-675x900.jpg 675w, http:\/\/detlev.von.graeve.org\/wp-content\/uploads\/2017\/09\/F.J.Thiel_.2001.Lied_Antoinette_Bukibi.103-270x360.jpg 270w, http:\/\/detlev.von.graeve.org\/wp-content\/uploads\/2017\/09\/F.J.Thiel_.2001.Lied_Antoinette_Bukibi.103-624x831.jpg 624w, http:\/\/detlev.von.graeve.org\/wp-content\/uploads\/2017\/09\/F.J.Thiel_.2001.Lied_Antoinette_Bukibi.103.jpg 719w\" sizes=\"auto, (max-width: 752px) 100vw, 752px\" \/><\/a><\/p>\n<h3 style=\"text-align: justify;\"><\/h3>\n<h3 style=\"text-align: justify;\"><strong>P.S.<\/strong><\/h3>\n<p style=\"text-align: justify;\">Auch \u00fcber den Kontext der <strong>Figur <\/strong>k\u00f6nnte in der n\u00e4chsten Zeit noch etwas mehr zu sagen sein, doch wegen der \u00dcbersichtlichkeit lieber in einem eigenen Beitrag<\/p>\n","protected":false},"excerpt":{"rendered":"<p>Die Begegnung \u00a0 6.Mai 2017 Auf dem Markt begegne ich einer starken Figur, dem klassischen afrikanischen Kr\u00fcppel,\u00a0 nicht einmal auf einem der Klapptische, sondern auf einer einfachen Decke am Boden, erschreckend naturalistisch, die eigene Erlebnisse in Erinnerung ruft, zugleich gute klassische Pende-Schnitzerei.<\/p>\n","protected":false},"author":1,"featured_media":0,"comment_status":"open","ping_status":"closed","sticky":false,"template":"","format":"standard","meta":{"footnotes":""},"categories":[195],"tags":[],"class_list":["post-7938","post","type-post","status-publish","format-standard","hentry","category-kwango-kasai"],"_links":{"self":[{"href":"http:\/\/detlev.von.graeve.org\/index.php?rest_route=\/wp\/v2\/posts\/7938","targetHints":{"allow":["GET"]}}],"collection":[{"href":"http:\/\/detlev.von.graeve.org\/index.php?rest_route=\/wp\/v2\/posts"}],"about":[{"href":"http:\/\/detlev.von.graeve.org\/index.php?rest_route=\/wp\/v2\/types\/post"}],"author":[{"embeddable":true,"href":"http:\/\/detlev.von.graeve.org\/index.php?rest_route=\/wp\/v2\/users\/1"}],"replies":[{"embeddable":true,"href":"http:\/\/detlev.von.graeve.org\/index.php?rest_route=%2Fwp%2Fv2%2Fcomments&post=7938"}],"version-history":[{"count":20,"href":"http:\/\/detlev.von.graeve.org\/index.php?rest_route=\/wp\/v2\/posts\/7938\/revisions"}],"predecessor-version":[{"id":15849,"href":"http:\/\/detlev.von.graeve.org\/index.php?rest_route=\/wp\/v2\/posts\/7938\/revisions\/15849"}],"wp:attachment":[{"href":"http:\/\/detlev.von.graeve.org\/index.php?rest_route=%2Fwp%2Fv2%2Fmedia&parent=7938"}],"wp:term":[{"taxonomy":"category","embeddable":true,"href":"http:\/\/detlev.von.graeve.org\/index.php?rest_route=%2Fwp%2Fv2%2Fcategories&post=7938"},{"taxonomy":"post_tag","embeddable":true,"href":"http:\/\/detlev.von.graeve.org\/index.php?rest_route=%2Fwp%2Fv2%2Ftags&post=7938"}],"curies":[{"name":"wp","href":"https:\/\/api.w.org\/{rel}","templated":true}]}}