{"id":7452,"date":"2017-05-01T14:53:31","date_gmt":"2017-05-01T12:53:31","guid":{"rendered":"http:\/\/detlev.von.graeve.org\/?p=7452"},"modified":"2021-10-16T18:18:44","modified_gmt":"2021-10-16T16:18:44","slug":"lega-konische-huete-mit-schuppen-und-knoepfen","status":"publish","type":"post","link":"http:\/\/detlev.von.graeve.org\/?p=7452","title":{"rendered":"Lega &#8211; konische H\u00fcte mit Schuppen und Kn\u00f6pfen"},"content":{"rendered":"<div id=\"attachment_7457\" style=\"width: 274px\" class=\"wp-caption alignleft\"><a href=\"http:\/\/detlev.von.graeve.org\/wp-content\/uploads\/2017\/05\/Lega-Pangolin_IMG_0080.jpg\"><img loading=\"lazy\" decoding=\"async\" aria-describedby=\"caption-attachment-7457\" class=\"size-medium wp-image-7457\" src=\"http:\/\/detlev.von.graeve.org\/wp-content\/uploads\/2017\/05\/Lega-Pangolin_IMG_0080-264x360.jpg\" alt=\"Pangolin - 18-20 cm Durchm., 18 cm H\u00f6he o. Schweif, 308 g\" width=\"264\" height=\"360\" \/><\/a><p id=\"caption-attachment-7457\" class=\"wp-caption-text\">Pangolin &#8211; 18-20 cm Durchm., 18 cm H\u00f6he ohne Schweif, 308 g<\/p><\/div>\n<div id=\"attachment_7456\" style=\"width: 287px\" class=\"wp-caption alignright\"><a href=\"http:\/\/detlev.von.graeve.org\/wp-content\/uploads\/2017\/05\/Lega-Knopfhut_IMG_0072.jpg\"><img loading=\"lazy\" decoding=\"async\" aria-describedby=\"caption-attachment-7456\" class=\"wp-image-7456\" src=\"http:\/\/detlev.von.graeve.org\/wp-content\/uploads\/2017\/05\/Lega-Knopfhut_IMG_0072-310x360.jpg\" alt=\"Kn\u00f6pfe - 20,5 x 16,5 cm Durchm., 23 cm o. Schweif, 416 g \" width=\"277\" height=\"321\" srcset=\"http:\/\/detlev.von.graeve.org\/wp-content\/uploads\/2017\/05\/Lega-Knopfhut_IMG_0072-310x360.jpg 310w, http:\/\/detlev.von.graeve.org\/wp-content\/uploads\/2017\/05\/Lega-Knopfhut_IMG_0072-776x900.jpg 776w, http:\/\/detlev.von.graeve.org\/wp-content\/uploads\/2017\/05\/Lega-Knopfhut_IMG_0072-624x724.jpg 624w, http:\/\/detlev.von.graeve.org\/wp-content\/uploads\/2017\/05\/Lega-Knopfhut_IMG_0072.jpg 807w\" sizes=\"auto, (max-width: 277px) 100vw, 277px\" \/><\/a><p id=\"caption-attachment-7456\" class=\"wp-caption-text\">Kn\u00f6pfe &#8211; 20,5 x 16,5 cm Durchm., 23 cm o. Schweif, 416 g<\/p><\/div>\n<h4 style=\"text-align: &lt;h4 style=;\"><\/h4>\n<p><!--more--><\/p>\n<p style=\"text-align: justify;\"><strong>Biebuyck\/Abele, The Power of Headdress (1984) <\/strong>zeigt auf Tf. 34, p.85 ein mit braunen <em>Masesa-<\/em>Schoten besetztes Exemplar und gibt dazu sachliche Erkl\u00e4rungen, an denen ich meine Beschreibung der beiden St\u00fccke orientiere:<\/p>\n<p style=\"text-align: justify;\">Auf ein <em>Kikumbi <\/em>aus gewebtem Raffia sind 6 Reihen gro\u00dfer Pangolinschuppen relativ gleicher Gr\u00f6\u00dfe aufgen\u00e4ht, ebenso eine gro\u00dfe Miesmuschelschale, und unten am Hutrand eine Reihe Hemdenkn\u00f6pfe. \u00dcberragt wird das Ganze von, durch vier Knoten in Form gehaltenen Elefantenschweifhaar (<em>kinsamba<\/em>).<\/p>\n<p style=\"text-align: justify;\">Den Hut gibt es mit verschiedenen Dekorationen der Oberfl\u00e4che, vier verschiedene habe ich am Stand gesehen,\u00a0 aber nur zwei ausgew\u00e4hlt.<\/p>\n<p style=\"text-align: justify;\">Unter dem Kinn werden die H\u00fcte gehalten von einem geflochtenen Raffiaband, das bei beiden mit Hemdenkn\u00f6pfen eng besetzt ist. Den Hut schob man bei den <em>Lega<\/em> in den Nacken, um den vorderen Teil des sauber ausrasierten Sch\u00e4dels zu zeigen. (p.84)<\/p>\n<p style=\"text-align: justify;\">Ein Elefantenschweif zeichnet den h\u00f6chsten Rang im <em>kindi<\/em> Grad der <em>Bwami <\/em>Gesellschaft aus. Alle sechs H\u00fcte, die ich sehen konnte, hatten diesen Schweif, in jeweils unterschiedlicher Qualit\u00e4t und L\u00e4nge, aber nicht so breit wie auf der Abbildung.<\/p>\n<p style=\"text-align: justify;\">Wer in einen hohen Rang aufgenommen ist, identifiziert sich mit dem Elefanten, wegen dessen ruhiger und gelassener Erscheinung. Wird er jedoch gest\u00f6rt, explodiert der Elefant in w\u00fctender Vernichtung. Nur M\u00e4nner dieses Grades d\u00fcrfen den Schweif als Teil ihrer allt\u00e4glichen Ausstattung tragen, zu Diadem, G\u00fcrtel, Sch\u00fcrze und Halskette. Bei manchen Ritualen darf die Gattin den Hut ihres Gatten tragen.<\/p>\n<h4><\/h4>\n<h4><\/h4>\n<h4><\/h4>\n<h4><\/h4>\n<h4 style=\"text-align: center;\">Ich entdecke mit Namen bedruckte Kn\u00f6pfe !<\/h4>\n<p style=\"text-align: justify;\"><a href=\"http:\/\/detlev.von.graeve.org\/wp-content\/uploads\/2017\/05\/Lega-Kno\u0308pfe-bunt_IMG_0031.jpg\"><img loading=\"lazy\" decoding=\"async\" class=\"size-medium wp-image-7455 alignright\" src=\"http:\/\/detlev.von.graeve.org\/wp-content\/uploads\/2017\/05\/Lega-Kno\u0308pfe-bunt_IMG_0031-270x360.jpg\" alt=\"Lega Kno\u0308pfe bunt_IMG_0031\" width=\"270\" height=\"360\" srcset=\"http:\/\/detlev.von.graeve.org\/wp-content\/uploads\/2017\/05\/Lega-Kno\u0308pfe-bunt_IMG_0031-270x360.jpg 270w, http:\/\/detlev.von.graeve.org\/wp-content\/uploads\/2017\/05\/Lega-Kno\u0308pfe-bunt_IMG_0031-675x900.jpg 675w, http:\/\/detlev.von.graeve.org\/wp-content\/uploads\/2017\/05\/Lega-Kno\u0308pfe-bunt_IMG_0031-624x832.jpg 624w, http:\/\/detlev.von.graeve.org\/wp-content\/uploads\/2017\/05\/Lega-Kno\u0308pfe-bunt_IMG_0031.jpg 750w\" sizes=\"auto, (max-width: 270px) 100vw, 270px\" \/><\/a><a href=\"http:\/\/detlev.von.graeve.org\/wp-content\/uploads\/2017\/05\/Lega-Kno\u0308pfe-Levis_IMG_0028.jpg\"><img loading=\"lazy\" decoding=\"async\" class=\"alignleft size-medium wp-image-7454\" src=\"http:\/\/detlev.von.graeve.org\/wp-content\/uploads\/2017\/05\/Lega-Kno\u0308pfe-Levis_IMG_0028-270x360.jpg\" alt=\"Lega Kno\u0308pfe Levis_IMG_0028\" width=\"270\" height=\"360\" srcset=\"http:\/\/detlev.von.graeve.org\/wp-content\/uploads\/2017\/05\/Lega-Kno\u0308pfe-Levis_IMG_0028-270x360.jpg 270w, http:\/\/detlev.von.graeve.org\/wp-content\/uploads\/2017\/05\/Lega-Kno\u0308pfe-Levis_IMG_0028-675x900.jpg 675w, http:\/\/detlev.von.graeve.org\/wp-content\/uploads\/2017\/05\/Lega-Kno\u0308pfe-Levis_IMG_0028-624x832.jpg 624w, http:\/\/detlev.von.graeve.org\/wp-content\/uploads\/2017\/05\/Lega-Kno\u0308pfe-Levis_IMG_0028.jpg 750w\" sizes=\"auto, (max-width: 270px) 100vw, 270px\" \/><\/a><\/p>\n<p style=\"text-align: justify;\"><strong>\u00a0<\/strong><\/p>\n<h4><\/h4>\n<h4 style=\"text-align: justify;\">Auf der mit Kn\u00f6pfen bedeckten M\u00fctze:<\/h4>\n<p style=\"text-align: justify;\"><strong>&#8211; The North Face<\/strong>\u00a0\u00a0 1966 gegr\u00fcndet in San Francisco <a href=\"https:\/\/de.wikipedia.org\/wiki\/The_North_Face\">wikipedia: The North Face \u2013 Wikiped#1433E5<\/a>\u00a0\u00a0 The North Face Story: \u201eExpeditionen in die entlegensten Gebiete &#8230;\u201c The North Face Story.webloc<\/p>\n<p style=\"text-align: justify;\"><strong>&#8211; Euforia<\/strong> Netzwerk zur Aktivierung von Jugendlichen (Schweiz), Niederlande, 24thinkpark<\/p>\n<p style=\"text-align: justify;\"><strong>&#8211; Yes Co<\/strong> \u00a0Energy Efficiency, zB Biogas (Italien),<\/p>\n<p style=\"text-align: justify;\"><strong>&#8211; Cecil <\/strong>\u00a0\u00a0\u00a0\u00a0\u00a0Modemarke<\/p>\n<p style=\"text-align: justify;\"><strong>&#8211; Sideout<\/strong>\u00a0\u00a0 <a href=\"http:\/\/www.sideout.com\">www.sideout.com<\/a>: \u201e<em>Sideout<\/em>. Original beach and active wear since 1983\u201c<\/p>\n<p style=\"text-align: justify;\">&#8211; <strong>CLSSIC<\/strong>\u00a0\u00a0\u00a0\u00a0 kein Google-Auftritt! &#8211;\u00a0 Markenf\u00e4lschung?\u00a0 Etwa aus China? (Link &#8218;<a href=\"http:\/\/detlev.von.graeve.org\/?p=660\" target=\"_blank\" rel=\"noopener noreferrer\">Chinesische Dinge<\/a>&#8218;)<\/p>\n<p style=\"text-align: justify;\"><strong>&#8211; LEVI\u2019S <\/strong>\u00a0\u00a0\u00a0seit 1873 <a href=\"http:\/\/www.levistrauss.com\/our-story\/\">Our Story &#8211; Levi Strauss.webloc<\/a><\/p>\n<p style=\"text-align: justify;\">&#8211; <strong>ASH CITY\u00a0<\/strong>\u00a0 kanad. Modelabel https:\/\/www.alphashirt.com\/cgi-bin\/online\/webalp\/alp-story<\/p>\n<p style=\"text-align: justify;\"><a href=\"http:\/\/detlev.von.graeve.org\/wp-content\/uploads\/2017\/05\/Lega-Kno\u0308pfe-Eufori_IMG_0027.jpg\"><img loading=\"lazy\" decoding=\"async\" class=\"aligncenter size-medium wp-image-7453\" src=\"http:\/\/detlev.von.graeve.org\/wp-content\/uploads\/2017\/05\/Lega-Kno\u0308pfe-Eufori_IMG_0027-360x270.jpg\" alt=\"Lega Kno\u0308pfe Eufori_IMG_0027\" width=\"360\" height=\"270\" srcset=\"http:\/\/detlev.von.graeve.org\/wp-content\/uploads\/2017\/05\/Lega-Kno\u0308pfe-Eufori_IMG_0027-360x270.jpg 360w, http:\/\/detlev.von.graeve.org\/wp-content\/uploads\/2017\/05\/Lega-Kno\u0308pfe-Eufori_IMG_0027-900x675.jpg 900w, http:\/\/detlev.von.graeve.org\/wp-content\/uploads\/2017\/05\/Lega-Kno\u0308pfe-Eufori_IMG_0027-624x468.jpg 624w, http:\/\/detlev.von.graeve.org\/wp-content\/uploads\/2017\/05\/Lega-Kno\u0308pfe-Eufori_IMG_0027.jpg 1000w\" sizes=\"auto, (max-width: 360px) 100vw, 360px\" \/><\/a><\/p>\n<h4><\/h4>\n<h4><\/h4>\n<p style=\"text-align: justify;\"><strong>Auf dem Riemen\u00a0 der PANGOLIN-M\u00fctze:<br \/>\n<\/strong><\/p>\n<p style=\"text-align: justify;\">&#8211; <strong>VICTORIA\u2019S SECRET<\/strong>\u00a0\u00a0 US Modemarke seit 1977 : Victoria\u2019s Secret \u2013 Wiki#1438D5<\/p>\n<p style=\"text-align: justify;\">&#8211; <strong>CLASS<\/strong>( ) ( )<strong>SHION<\/strong><\/p>\n<h4 style=\"text-align: justify;\">Die kleinen W\u00e4sche- und Kleiderkn\u00f6pfe haben ihren Weg gemacht &#8230;<\/h4>\n<p style=\"text-align: justify;\">&#8230; von Kleiderspenden oder Entwicklungshilfe-Uniformen zu den Lega. Ich nehme an: Dort haben die alten Herren auch in den achtziger Jahren noch ihre Autorit\u00e4t behauptet, ihre Privilegien und Anspr\u00fcche angemeldet. Und sie lie\u00dfen wegen der Spr\u00f6digkeit des Materials \u00e4ltere H\u00fcte von starker Ausstrahlung reparieren.<\/p>\n<div id=\"attachment_7460\" style=\"width: 255px\" class=\"wp-caption alignleft\"><a href=\"http:\/\/detlev.von.graeve.org\/wp-content\/uploads\/2017\/05\/Branly-Lega2.jpg\"><img loading=\"lazy\" decoding=\"async\" aria-describedby=\"caption-attachment-7460\" class=\"size-medium wp-image-7460\" src=\"http:\/\/detlev.von.graeve.org\/wp-content\/uploads\/2017\/05\/Branly-Lega2-245x360.jpg\" alt=\"Secrets d'Ivoire -L'Art des Lega, 2013, Ill. 55: couvre-chef 44 x 15,5 x 27,5 cm\" width=\"245\" height=\"360\" srcset=\"http:\/\/detlev.von.graeve.org\/wp-content\/uploads\/2017\/05\/Branly-Lega2-245x360.jpg 245w, http:\/\/detlev.von.graeve.org\/wp-content\/uploads\/2017\/05\/Branly-Lega2-612x900.jpg 612w, http:\/\/detlev.von.graeve.org\/wp-content\/uploads\/2017\/05\/Branly-Lega2-624x918.jpg 624w, http:\/\/detlev.von.graeve.org\/wp-content\/uploads\/2017\/05\/Branly-Lega2.jpg 680w\" sizes=\"auto, (max-width: 245px) 100vw, 245px\" \/><\/a><p id=\"caption-attachment-7460\" class=\"wp-caption-text\">Secrets d&#8217;Ivoire -L&#8217;Art des Lega, 2013, Ill. 55: couvre-chef 44 x 15,5 x 27,5 cm<\/p><\/div>\n<div id=\"attachment_7459\" style=\"width: 190px\" class=\"wp-caption alignright\"><a href=\"http:\/\/detlev.von.graeve.org\/wp-content\/uploads\/2017\/05\/Branly-Lega4.jpg\"><img loading=\"lazy\" decoding=\"async\" aria-describedby=\"caption-attachment-7459\" class=\"wp-image-7459\" src=\"http:\/\/detlev.von.graeve.org\/wp-content\/uploads\/2017\/05\/Branly-Lega4-158x360.jpg\" alt=\"Secrets d'Ivoire -L'Art des Lega, 2013, Ill. 60 couvre-chef\" width=\"180\" height=\"412\" srcset=\"http:\/\/detlev.von.graeve.org\/wp-content\/uploads\/2017\/05\/Branly-Lega4-394x900.jpg 394w, http:\/\/detlev.von.graeve.org\/wp-content\/uploads\/2017\/05\/Branly-Lega4-624x1425.jpg 624w, http:\/\/detlev.von.graeve.org\/wp-content\/uploads\/2017\/05\/Branly-Lega4.jpg 679w\" sizes=\"auto, (max-width: 180px) 100vw, 180px\" \/><\/a><p id=\"caption-attachment-7459\" class=\"wp-caption-text\">Secrets d&#8217;Ivoire -L&#8217;Art des Lega, 2013, Ill. 60 couvre-chef<\/p><\/div>\n<h4><\/h4>\n<h4><\/h4>\n<h4 style=\"text-align: justify;\">Wie sch\u00f6n, dass der Katalog des <strong><a href=\"http:\/\/detlev.von.graeve.org\/?p=159\" target=\"_blank\" rel=\"noopener noreferrer\">Mus\u00e9e Branly<\/a> &#8222;Secrets d&#8217;Ivoire&#8220; (2013)<\/strong> eine ganze Reihe von H\u00fcten vorgestellt hat, die noch stattlicher aussehen.<\/h4>\n<p style=\"text-align: justify;\">Kn\u00f6pfe, Z\u00e4hne und Muscheln hat man offensichtlich gereinigt , aber der Rest wirkt auf den Fotos ebenso eingedreckt und trocken. Die vier im Katalogteil abgebildeten H\u00fcte wurden von Marc Leo Felix \u201evor 1974\u201c erworben &#8211; ill. 54 (Kauris), <strong>55<\/strong> (alles neu, nicht nur die Kn\u00f6pfe, gewiss eine Anfertigung f\u00fcr Felix), 59, <strong>60<\/strong>. F\u00fcr die erw\u00e4hnten Sammler und ihre Schenkung an amerikanische Museen agierte er vermutlich als Zwischenh\u00e4ndler. Kein Wunder, dass die Feldfotos nur neue zeigen, soweit das bei der geringen optischen Aufl\u00f6sung feststellbar ist.<\/p>\n<p style=\"text-align: justify;\"><a href=\"http:\/\/detlev.von.graeve.org\/wp-content\/uploads\/2017\/05\/Branly-Lega-Feld-.jpg\"><img loading=\"lazy\" decoding=\"async\" class=\"alignleft size-medium wp-image-7458\" src=\"http:\/\/detlev.von.graeve.org\/wp-content\/uploads\/2017\/05\/Branly-Lega-Feld--360x258.jpg\" alt=\"Branly Lega Feld-\" width=\"360\" height=\"258\" srcset=\"http:\/\/detlev.von.graeve.org\/wp-content\/uploads\/2017\/05\/Branly-Lega-Feld--360x258.jpg 360w, http:\/\/detlev.von.graeve.org\/wp-content\/uploads\/2017\/05\/Branly-Lega-Feld--900x644.jpg 900w, http:\/\/detlev.von.graeve.org\/wp-content\/uploads\/2017\/05\/Branly-Lega-Feld--624x447.jpg 624w, http:\/\/detlev.von.graeve.org\/wp-content\/uploads\/2017\/05\/Branly-Lega-Feld-.jpg 999w\" sizes=\"auto, (max-width: 360px) 100vw, 360px\" \/><\/a><\/p>\n<p style=\"text-align: justify;\">Ill.20, p.55 Feldfoto Mitte der 1960er Jahre: farbig, einfach, mit bunten Perlen, m\u00f6glicherweise roten Muschelschalen, wenigstens ein entbl\u00f6\u00dfter perfekt rasierter Sch\u00e4del, bunte billige Halsketten.<\/p>\n<p style=\"text-align: justify;\">p.61 (o. Abb.) 1952-54: Nur die \u00c4lteren zeigen Halbglatze, Junge M\u00e4nner ihr kr\u00e4ftiges Haupthaar.<\/p>\n<h6>\u00a0<a href=\"http:\/\/detlev.von.graeve.org\/wp-content\/uploads\/2017\/05\/Lega-Branly-2013104ill.61.jpg\"><img loading=\"lazy\" decoding=\"async\" class=\"wp-image-7468\" src=\"http:\/\/detlev.von.graeve.org\/wp-content\/uploads\/2017\/05\/Lega-Branly-2013104ill.61-170x150.jpg\" alt=\"Lega Branly 2013,104,ill.61 Foto Elisofon\" width=\"310\" height=\"236\" srcset=\"http:\/\/detlev.von.graeve.org\/wp-content\/uploads\/2017\/05\/Lega-Branly-2013104ill.61-360x274.jpg 360w, http:\/\/detlev.von.graeve.org\/wp-content\/uploads\/2017\/05\/Lega-Branly-2013104ill.61.jpg 900w, http:\/\/detlev.von.graeve.org\/wp-content\/uploads\/2017\/05\/Lega-Branly-2013104ill.61-624x474.jpg 624w\" sizes=\"auto, (max-width: 310px) 100vw, 310px\" \/><\/a> \u00a0 \u00a0 \u00a0 \u00a0Lega Branly 2013,104,ill.61 &#8211; Foto Elisofon 1967<\/h6>\n<p style=\"text-align: justify;\">\u00a0Kunstgewerbliche gleichartige Manufakturware bei \u00f6ffentlichem Tanzfest zurBef\u00f6rderung zum 4.Grad &#8211; inszeniert f\u00fcr den Ethnologen Elisofon, dem wir das Foto verdanken?\u00a0 Die Gleichf\u00f6rmigkeit will mir einfach nicht gefallen. Die neuen blendend wei\u00dfen Kn\u00f6pfe passen nicht zu den faltigen alten Gesichtern. Nur ein B\u00fcschel Elefantenhaar ist zu sehen. Zufall ? Die neue Zeit?<\/p>\n<h4 style=\"text-align: center;\">Ein paar Worte zur Tiersymbolik\u00a0 &#8222;Pangolin&#8220;<\/h4>\n<p style=\"text-align: justify;\">Machtvolle Tiere spielen eine gro\u00dfe Rolle in der Symbolik des <em>Bwami<\/em>-Bundes. Die Initiierten vergleichen sich \u00f6ffentlich mit ihnen. Auch k\u00f6nnen Teile der Bwami-Zeremonien deren Namen tragen, um jeweils an die Einhaltung einer anderen moralischen Vorschrift der Bruderschaft zu erinnern. Das Pandolin (ein G\u00fcrteltier) ist dem dritten, dem vierten und der untersten Stufe des obersten f\u00fcnften Rangs zugeordnet. Die Schuppen des kleinen Pangolin (<em>kabanga<\/em>) symbolisieren die Piet\u00e4t und den Respekt und rufen <em>Isamokulu<\/em>, den &#8218;Gro\u00dfen Vater&#8216; ins Ged\u00e4chtnis. Mit den Unterarten\u00a0 der G\u00fcrteltiere ist eine Vielfalt an Bedeutungen verbunden. F\u00fcr ihre Behandlung gibt es strenge Regeln. Bei deren Missachtung kann man gezwungen werden, Klan und Dorf zu verlassen. Man darf Pangoline nicht jagen. Wenn ein J\u00e4ger eins in der Falle oder tot im Wald findet, ist er verpflichtet, es jemandem zu \u00fcberlassen, der das Recht hat, &#8222;das Pangolin zu zerlegen&#8220;.<\/p>\n<p style=\"text-align: justify;\">Elefanten repr\u00e4sentieren zugleich den\u00a0 Bund als solchen und seine h\u00f6chte Stufe, <em>Kindi.<\/em> Deren Mitglieder allein d\u00fcrfen sich mit Haut, Ohren oder Schweif schm\u00fccken. Und sie bezeichnen sich als &#8218;Volk des Elefantenschweifs&#8216;.\u00a0\u00a0\u00a0\u00a0\u00a0\u00a0\u00a0\u00a0\u00a0\u00a0 (a.a.O.100,104, Elisabeth L. Cameron nach Daniel Biebuyck 1973)<\/p>\n<h4>Was bedeuten nun aber die Kn\u00f6pfe?<\/h4>\n<p>Die werden allem Anschein nach auch schon seit geraumer Zeit verwendet. Bringen sie etwa eine andere symbolische Kraft ins Spiel? Die des Fremden? Der an Kr\u00e4ften \u00fcberlegenen Zivilisation? Wer hat sie in das Universum des\u00a0 <em>Bwami <\/em>eingef\u00fchrt? Fragen \u00fcber Fragen.<\/p>\n<h4><\/h4>\n<h4 style=\"text-align: center;\">Haben die verschiedenen Entdeckungen nun meine Sicht auf die zwei H\u00fcte ver\u00e4ndert?<\/h4>\n<p style=\"text-align: justify;\">Jedenfalls nicht den Eindruck von Eleganz und Funktionalit\u00e4t: die M\u00f6glichkeit, sie aufzusetzen und auszuprobieren.<\/p>\n<p style=\"text-align: justify;\">Ich hatte schlichte, aber nicht langweilige (wie mit Kauris) Beispiele ausgew\u00e4hlt. Sie repr\u00e4sentieren in ihrer \u00e4sthetischen Inszenierung die <em>Power of Headdress<\/em> der Vergangenheit. Mit der Banalit\u00e4t des sp\u00e4teren billigen Ersatzes haben sie nichts gemein. Das sind blo\u00dfe K\u00e4ppis, Rangabzeichen ohne speziellen \u00e4sthetischen Wert, aber passend zur br\u00fcchigen Autorit\u00e4t der traditionellen Institutionen. Zwischen Widerst\u00e4ndigkeit und Folklore. Warum sollte es hier anders sein als im \u00fcbrigen Kongo?<\/p>\n<p style=\"text-align: justify;\">Meine H\u00fcte sind weniger gestriegelt und gewienert, weniger ges\u00e4ubert als die Museumsst\u00fccke. Wenn ich lese, wie hartn\u00e4ckig die Lega bisher ihrer kunstethnologischen Durchleuchtung Widerstand geleistet haben, wie viel Geheimnisse die \u00c4ltesten ins Grab genommen haben, ist mir das genug. F\u00fcr den Genuss der Formen und die W\u00fcrdigung der Kraft dieser Ehrenh\u00fcte braucht es keine Einweihung in Geheimnisse. Ihre Aura fl\u00fcstert \u201eEs war einmal\u201c. Ich werde sie neben die Honoratiorenh\u00fctchen der Kuba-Aristokraten, mit interessanten Mustern aus Kauris und bunten Perlenschn\u00fcren aufstellen, aber das ist ein anderes Kapitel.<\/p>\n<h4 style=\"text-align: justify;\"><\/h4>\n<h4 style=\"text-align: justify;\">8.5.2017\u00a0\u00a0\u00a0 Noch\u00a0 ein Hut &#8211; Kn\u00f6pfe und Schuppen halb und halb<\/h4>\n<p><a href=\"http:\/\/detlev.von.graeve.org\/wp-content\/uploads\/2017\/05\/Lega-Hut6.5.17.jpg\"><img loading=\"lazy\" decoding=\"async\" class=\"alignleft size-medium wp-image-7546\" src=\"http:\/\/detlev.von.graeve.org\/wp-content\/uploads\/2017\/05\/Lega-Hut6.5.17-270x360.jpg\" alt=\"Lega-Hut,6.5.17\" width=\"270\" height=\"360\" srcset=\"http:\/\/detlev.von.graeve.org\/wp-content\/uploads\/2017\/05\/Lega-Hut6.5.17-270x360.jpg 270w, http:\/\/detlev.von.graeve.org\/wp-content\/uploads\/2017\/05\/Lega-Hut6.5.17-675x900.jpg 675w, http:\/\/detlev.von.graeve.org\/wp-content\/uploads\/2017\/05\/Lega-Hut6.5.17-624x832.jpg 624w, http:\/\/detlev.von.graeve.org\/wp-content\/uploads\/2017\/05\/Lega-Hut6.5.17.jpg 750w\" sizes=\"auto, (max-width: 270px) 100vw, 270px\" \/><\/a><\/p>\n<p>&nbsp;<\/p>\n<p>Sch\u00f6ner Schweif. Halb und halb &#8211; Warum?\u00a0 Der H\u00e4ndler lacht. Und welche magische Bedeutung haben eigentlich Kn\u00f6pfe? Er wei\u00df es auch nicht, sagt er. Wahrscheinlich &#8218;findet&#8216; man seit langem keine Pagolins mehr (in den Tierfallen).<\/p>\n<p>Aufschriften?\u00a0\u00a0 Diesmal\u00a0\u00a0 &#8222;COLUMBIA&#8220;,\u00a0 &#8222;GEORGE&#8220;\u00a0\u00a0 UND\u00a0\u00a0 &#8222;CHEROKEE&#8220;.<\/p>\n<p>&nbsp;<\/p>\n","protected":false},"excerpt":{"rendered":"","protected":false},"author":1,"featured_media":0,"comment_status":"open","ping_status":"closed","sticky":false,"template":"","format":"standard","meta":{"footnotes":""},"categories":[216,213],"tags":[],"class_list":["post-7452","post","type-post","status-publish","format-standard","hentry","category-afrikanische-aesthetik","category-vom-lomami-und-kongo-nach-sansibar"],"_links":{"self":[{"href":"http:\/\/detlev.von.graeve.org\/index.php?rest_route=\/wp\/v2\/posts\/7452","targetHints":{"allow":["GET"]}}],"collection":[{"href":"http:\/\/detlev.von.graeve.org\/index.php?rest_route=\/wp\/v2\/posts"}],"about":[{"href":"http:\/\/detlev.von.graeve.org\/index.php?rest_route=\/wp\/v2\/types\/post"}],"author":[{"embeddable":true,"href":"http:\/\/detlev.von.graeve.org\/index.php?rest_route=\/wp\/v2\/users\/1"}],"replies":[{"embeddable":true,"href":"http:\/\/detlev.von.graeve.org\/index.php?rest_route=%2Fwp%2Fv2%2Fcomments&post=7452"}],"version-history":[{"count":18,"href":"http:\/\/detlev.von.graeve.org\/index.php?rest_route=\/wp\/v2\/posts\/7452\/revisions"}],"predecessor-version":[{"id":10794,"href":"http:\/\/detlev.von.graeve.org\/index.php?rest_route=\/wp\/v2\/posts\/7452\/revisions\/10794"}],"wp:attachment":[{"href":"http:\/\/detlev.von.graeve.org\/index.php?rest_route=%2Fwp%2Fv2%2Fmedia&parent=7452"}],"wp:term":[{"taxonomy":"category","embeddable":true,"href":"http:\/\/detlev.von.graeve.org\/index.php?rest_route=%2Fwp%2Fv2%2Fcategories&post=7452"},{"taxonomy":"post_tag","embeddable":true,"href":"http:\/\/detlev.von.graeve.org\/index.php?rest_route=%2Fwp%2Fv2%2Ftags&post=7452"}],"curies":[{"name":"wp","href":"https:\/\/api.w.org\/{rel}","templated":true}]}}