{"id":6363,"date":"2016-12-15T23:50:56","date_gmt":"2016-12-15T22:50:56","guid":{"rendered":"http:\/\/detlev.von.graeve.org\/?p=6363"},"modified":"2024-02-12T22:15:28","modified_gmt":"2024-02-12T21:15:28","slug":"kongo-das-schon-empoerend-simple-kruzifix","status":"publish","type":"post","link":"http:\/\/detlev.von.graeve.org\/?p=6363","title":{"rendered":"Kongo &#8211; Das schon emp\u00f6rend simple Kruzifix"},"content":{"rendered":"<p style=\"text-align: center;\">L 29,5 cm, Br. 14,5 cm; Holmen l\u00e4ngs: 5 cm, breit: 4 cm; Dicke 3,5 cm.<\/p>\n<div id=\"attachment_6364\" style=\"width: 250px\" class=\"wp-caption alignleft\"><a href=\"http:\/\/detlev.von.graeve.org\/wp-content\/uploads\/2016\/12\/IMG_7230.jpg\"><img loading=\"lazy\" decoding=\"async\" aria-describedby=\"caption-attachment-6364\" class=\"wp-image-6364\" src=\"http:\/\/detlev.von.graeve.org\/wp-content\/uploads\/2016\/12\/IMG_7230-248x360.jpg\" alt=\"neben altrussischem Bronzekreuz\" width=\"240\" height=\"348\" srcset=\"http:\/\/detlev.von.graeve.org\/wp-content\/uploads\/2016\/12\/IMG_7230-248x360.jpg 248w, http:\/\/detlev.von.graeve.org\/wp-content\/uploads\/2016\/12\/IMG_7230-621x900.jpg 621w, http:\/\/detlev.von.graeve.org\/wp-content\/uploads\/2016\/12\/IMG_7230-624x905.jpg 624w, http:\/\/detlev.von.graeve.org\/wp-content\/uploads\/2016\/12\/IMG_7230.jpg 758w\" sizes=\"auto, (max-width: 240px) 100vw, 240px\" \/><\/a><p id=\"caption-attachment-6364\" class=\"wp-caption-text\">neben einem altrussischen Bronzekreuz<\/p><\/div>\n<p style=\"text-align: justify;\"><a href=\"http:\/\/detlev.von.graeve.org\/wp-content\/uploads\/2016\/12\/IMG_7231.jpg\"><img loading=\"lazy\" decoding=\"async\" class=\"alignright wp-image-6365\" src=\"http:\/\/detlev.von.graeve.org\/wp-content\/uploads\/2016\/12\/IMG_7231-270x360.jpg\" alt=\"img_7231\" width=\"250\" height=\"333\" srcset=\"http:\/\/detlev.von.graeve.org\/wp-content\/uploads\/2016\/12\/IMG_7231-270x360.jpg 270w, http:\/\/detlev.von.graeve.org\/wp-content\/uploads\/2016\/12\/IMG_7231-676x900.jpg 676w, http:\/\/detlev.von.graeve.org\/wp-content\/uploads\/2016\/12\/IMG_7231-624x831.jpg 624w, http:\/\/detlev.von.graeve.org\/wp-content\/uploads\/2016\/12\/IMG_7231.jpg 759w\" sizes=\"auto, (max-width: 250px) 100vw, 250px\" \/><\/a><\/p>\n<p style=\"text-align: justify;\"><!--more--><\/p>\n<p style=\"text-align: justify;\"><a href=\"http:\/\/detlev.von.graeve.org\/wp-content\/uploads\/2016\/12\/Froment-Art-Conversion-fig.jpg\"><img loading=\"lazy\" decoding=\"async\" class=\"aligncenter wp-image-6366 size-large\" src=\"http:\/\/detlev.von.graeve.org\/wp-content\/uploads\/2016\/12\/Froment-Art-Conversion-fig-900x871.jpg\" alt=\"froment-art-conversion-fig\" width=\"625\" height=\"605\" srcset=\"http:\/\/detlev.von.graeve.org\/wp-content\/uploads\/2016\/12\/Froment-Art-Conversion-fig-900x871.jpg 900w, http:\/\/detlev.von.graeve.org\/wp-content\/uploads\/2016\/12\/Froment-Art-Conversion-fig-360x349.jpg 360w, http:\/\/detlev.von.graeve.org\/wp-content\/uploads\/2016\/12\/Froment-Art-Conversion-fig-624x604.jpg 624w, http:\/\/detlev.von.graeve.org\/wp-content\/uploads\/2016\/12\/Froment-Art-Conversion-fig.jpg 1099w\" sizes=\"auto, (max-width: 625px) 100vw, 625px\" \/><\/a>Aus: <em>The Art of Conversion<\/em><\/p>\n<div id=\"attachment_6384\" style=\"width: 188px\" class=\"wp-caption alignleft\"><a href=\"http:\/\/detlev.von.graeve.org\/wp-content\/uploads\/2016\/12\/Kruzifix-17.Jh_.-Brooklyn-Museum.org_.jpg\"><img loading=\"lazy\" decoding=\"async\" aria-describedby=\"caption-attachment-6384\" class=\"size-medium wp-image-6384\" src=\"http:\/\/detlev.von.graeve.org\/wp-content\/uploads\/2016\/12\/Kruzifix-17.Jh_.-Brooklyn-Museum.org_-178x360.jpg\" alt=\"brooklynmuseum.org - 34,3x15.2x2.5 cm 17th c. Lower Congo or Angola\" width=\"178\" height=\"360\" srcset=\"http:\/\/detlev.von.graeve.org\/wp-content\/uploads\/2016\/12\/Kruzifix-17.Jh_.-Brooklyn-Museum.org_-178x360.jpg 178w, http:\/\/detlev.von.graeve.org\/wp-content\/uploads\/2016\/12\/Kruzifix-17.Jh_.-Brooklyn-Museum.org_-444x900.jpg 444w, http:\/\/detlev.von.graeve.org\/wp-content\/uploads\/2016\/12\/Kruzifix-17.Jh_.-Brooklyn-Museum.org_.jpg 542w\" sizes=\"auto, (max-width: 178px) 100vw, 178px\" \/><\/a><p id=\"caption-attachment-6384\" class=\"wp-caption-text\">brooklynmuseum.org &#8211; 34,3&#215;15.2&#215;2.5 cm 17th c.<br \/>Lower Congo or Angola<\/p><\/div>\n<p style=\"text-align: justify;\">Aufs Gesicht gelegt, enth\u00fcllt es seine Dienstjahre. Obwohl zwei ausgef\u00fcllte Wurml\u00f6cher sagen: ich bin andersherum gelagert worden. Nicht nur Schwei\u00df hat sich hinten und an den Seiten eingetr\u00e4nkt, auch Abdr\u00fccke etwa der greifenden Hand meint man zu erkennen. Das St\u00fcck ist \u00fcbrigens aus komfortablen leichtem hellen Holz gemacht.<\/p>\n<p style=\"text-align: justify;\">Auf der Vorderseite f\u00e4llt der sorgsam gearbeitete schmale Rand auf. Die beiden Figuren im Innern sind viel l\u00e4ssiger in Angriff genommen worden: der Gekreuzigte und der Beter.<\/p>\n<p style=\"text-align: justify;\">Es ist vom ersten Moment an klar, dass Bronzekruzifixe das Vorbild waren.<\/p>\n<p style=\"text-align: justify;\"><a href=\"http:\/\/detlev.von.graeve.org\/wp-content\/uploads\/2016\/12\/Holo-Holztu\u0308r-Phillips.jpg\"><img loading=\"lazy\" decoding=\"async\" class=\"alignleft size-thumbnail wp-image-6376\" src=\"http:\/\/detlev.von.graeve.org\/wp-content\/uploads\/2016\/12\/Holo-Holztu\u0308r-Phillips-170x150.jpg\" alt=\"holo-holztu%cc%88r-phillips\" width=\"170\" height=\"150\" \/><\/a><\/p>\n<p style=\"text-align: justify;\">Und die Aufteilung der Szene in zwei frontal nach vorn schauende Figurenreliefs findet sich auch bei einer T\u00fcr der Hungana in <span style=\"text-decoration: underline;\">Tom Phillips<\/span> (Hrsg.) : <em>AFRIKA \u2013 die Kunst eines Kontinents<\/em> 4.23 p.256 &#8211; Hier werden allerdings auch noch die zum Mund gef\u00fchrten H\u00e4nde erw\u00e4hnt, die sich auch bei heilkr\u00e4ftigen Statuetten finden.<\/p>\n<p style=\"text-align: justify;\">Heinz war zu Recht beeindruckt von der \u00fcppigen Dicke des Kruzifix. Sie gibt zusammen mit den starken Gebrauchsspuren eine W\u00fcrde, die den antiken bronzenen Modellen etwas entgegensetzt. Die unbeholfen eingeschnitzten Gestalten sind Zeichen, die den Eingeweihten ohnehin vertraut sind.<\/p>\n<p style=\"text-align: justify;\">Nicht blo\u00df aus \u00e4sthetischen Gr\u00fcnden und des niedrigen Marktwerts wegen konnte ich dem Kreuz nicht widerstehen. Ich wusste auch bereits zu viel dar\u00fcber, etwa durch <span style=\"text-decoration: underline;\">Alisa Lagamma<\/span> und <span style=\"text-decoration: underline;\">Robert L. Wannyn<\/span> <strong>(<em><a href=\"http:\/\/detlev.von.graeve.org\/?p=4997\">Santu Toni<\/a><\/em><\/strong>). Da tauchten kupferne oder bronzene Kruzifixe aus fr\u00fcheren Jahrhunderten im Bereich des ehemaligen Kongo- oder Loangoreichs in Familiensch\u00e4tzen auf, oder als Insignien von Chiefs, weniger von einheimischen christlichen Priestern (aber das waren ja auch Chefs). Dies Holzkreuz hat sein heutiges Ma\u00df an W\u00fcrde erst mit langem Gebrauch erworben, es eignete sich auch von daher nicht, als Prestige-Objekt in Familiensch\u00e4tzen zu fungieren. Eher hat ein Klanchef den Kirchenleuten erlaubt, sein \u201aauthentisches\u2019 Exemplar zu kopieren, vielleicht erst nach Aufkl\u00e4rung \u00fcber seine genaue Bedeutung.<\/p>\n<p style=\"text-align: justify;\">Zu sehen, wie die alteurop\u00e4ische Tradition, Wichtiges (der Gottessohn am Kreuz) vom relativ Unwichtigen (der anbetende Gl\u00e4ubige) durch seine relative Gr\u00f6\u00dfe zu unterscheiden, mit der afrikanischen Bildtradition harmoniert, beeindruckt mich! Ebenso die Aufl\u00f6sung einer Szene in zwei Elemente, die vom Betrachter und Verwender problemlos integriert werden. Der erhabene Rand sorgt daf\u00fcr, dass keine st\u00f6renden Faktoren von au\u00dfen sich einmischen.<\/p>\n<p style=\"text-align: justify;\">Meine \u201arussischen\u2019 Metallikonen \u2013 ebenfalls Teil einer randst\u00e4ndigen Subkultur \u2013 haben Zuwachs bekommen, von der Kongom\u00fcndung!<\/p>\n<h3 style=\"text-align: justify;\">APRIL 2017<\/h3>\n<p>Prof. Josef Thiel, der pensionierte Museumschef und Ethnologe mit langer Kongo-Erfahrung, hat das Kreuz bei der ersten Begegnung gleich ins Herz geschlossen. Das hat mich \u00fcberrascht. Ich habe mehr Respekt vor dem Holz.<\/p>\n","protected":false},"excerpt":{"rendered":"<p>L 29,5 cm, Br. 14,5 cm; Holmen l\u00e4ngs: 5 cm, breit: 4 cm; Dicke 3,5 cm.<\/p>\n","protected":false},"author":1,"featured_media":0,"comment_status":"open","ping_status":"closed","sticky":false,"template":"","format":"standard","meta":{"footnotes":""},"categories":[197],"tags":[],"class_list":["post-6363","post","type-post","status-publish","format-standard","hentry","category-duala-gabun-kongo"],"_links":{"self":[{"href":"http:\/\/detlev.von.graeve.org\/index.php?rest_route=\/wp\/v2\/posts\/6363","targetHints":{"allow":["GET"]}}],"collection":[{"href":"http:\/\/detlev.von.graeve.org\/index.php?rest_route=\/wp\/v2\/posts"}],"about":[{"href":"http:\/\/detlev.von.graeve.org\/index.php?rest_route=\/wp\/v2\/types\/post"}],"author":[{"embeddable":true,"href":"http:\/\/detlev.von.graeve.org\/index.php?rest_route=\/wp\/v2\/users\/1"}],"replies":[{"embeddable":true,"href":"http:\/\/detlev.von.graeve.org\/index.php?rest_route=%2Fwp%2Fv2%2Fcomments&post=6363"}],"version-history":[{"count":11,"href":"http:\/\/detlev.von.graeve.org\/index.php?rest_route=\/wp\/v2\/posts\/6363\/revisions"}],"predecessor-version":[{"id":15450,"href":"http:\/\/detlev.von.graeve.org\/index.php?rest_route=\/wp\/v2\/posts\/6363\/revisions\/15450"}],"wp:attachment":[{"href":"http:\/\/detlev.von.graeve.org\/index.php?rest_route=%2Fwp%2Fv2%2Fmedia&parent=6363"}],"wp:term":[{"taxonomy":"category","embeddable":true,"href":"http:\/\/detlev.von.graeve.org\/index.php?rest_route=%2Fwp%2Fv2%2Fcategories&post=6363"},{"taxonomy":"post_tag","embeddable":true,"href":"http:\/\/detlev.von.graeve.org\/index.php?rest_route=%2Fwp%2Fv2%2Ftags&post=6363"}],"curies":[{"name":"wp","href":"https:\/\/api.w.org\/{rel}","templated":true}]}}