{"id":4717,"date":"2003-05-03T20:20:12","date_gmt":"2003-05-03T19:20:12","guid":{"rendered":"http:\/\/detlev.von.graeve.org\/?p=4717"},"modified":"2020-05-22T23:06:09","modified_gmt":"2020-05-22T21:06:09","slug":"4717","status":"publish","type":"post","link":"http:\/\/detlev.von.graeve.org\/?p=4717","title":{"rendered":"Bei \u201eRembrandt Rembrandt\u201c gewesen und &#8230;"},"content":{"rendered":"<p>im St\u00e4del Frankfurt am 3.5.2003<\/p>\n<p>Wir erlebten die Kollektivierung eines schafsgeduldigen Publikums, organisatorisch gekr\u00f6nt durch das Vorbeiziehen von kopfh\u00f6rerbewaffneten Gruppen unter der F\u00fchrung ihrer Leiterinnen, vorbei an einer Treppe voll wartender Individualbesucher, die zum Obergeschoss anstehen mussten.<!--more--><\/p>\n<p>Blind glauben und eine Menge unn\u00f6tiger Fakten durch die Ohren aufnehmen bei kultischem D\u00e4mmerlicht mit Spotlights und &#8222;vorbeugenden&#8220; Ermahnungen, Distanz zu den Objekten halten, das scheint Programm der Gro\u00dfen Ausstellungen zu sein. Fehlt der dumpfen Luft blo\u00df die Prise Weihrauch.<\/p>\n<div id=\"attachment_4719\" style=\"width: 635px\" class=\"wp-caption aligncenter\"><a href=\"http:\/\/detlev.von.graeve.org\/wp-content\/uploads\/2016\/06\/Rembrandt-Grafiken_0002.jpg\"><img loading=\"lazy\" decoding=\"async\" aria-describedby=\"caption-attachment-4719\" class=\"size-large wp-image-4719\" src=\"http:\/\/detlev.von.graeve.org\/wp-content\/uploads\/2016\/06\/Rembrandt-Grafiken_0002-900x332.jpg\" alt=\"1630\/31, Willem Enzynck - Rembrandt in de Spiegel, Servire Den Haag, o.J. um 1958, p.20\/21\" width=\"625\" height=\"231\" srcset=\"http:\/\/detlev.von.graeve.org\/wp-content\/uploads\/2016\/06\/Rembrandt-Grafiken_0002-900x332.jpg 900w, http:\/\/detlev.von.graeve.org\/wp-content\/uploads\/2016\/06\/Rembrandt-Grafiken_0002-360x133.jpg 360w, http:\/\/detlev.von.graeve.org\/wp-content\/uploads\/2016\/06\/Rembrandt-Grafiken_0002-624x230.jpg 624w, http:\/\/detlev.von.graeve.org\/wp-content\/uploads\/2016\/06\/Rembrandt-Grafiken_0002.jpg 1200w\" sizes=\"auto, (max-width: 625px) 100vw, 625px\" \/><\/a><p id=\"caption-attachment-4719\" class=\"wp-caption-text\">1630\/31, Willem Enzynck &#8211; Rembrandt in de Spiegel, Servire Den Haag, o.J. um 1958, p.20\/21<\/p><\/div>\n<p>Entt\u00e4uschung \u00fcber einen Heroen meiner Jugend, als ich die fr\u00fchen Selbstportr\u00e4ts und die Sepiazeichnungen verehrte, nichts da: rundum in Braun- und Rott\u00f6nen gefirnisste <em>Printen <\/em>und <em>Schwarten<\/em>, ohne Raum und nennenswerte Kontur. Je mehr, desto schlimmer. Was f\u00fcr eine Verschwendung: 10 Mio. Euro Gesamtkosten f\u00fcr diese Versammlung Trief\u00e4ugiger! Als h\u00e4tte Holland keine sch\u00f6nen Menschen. Selbst der kleine Titus muss abgrundtief \u00fcber seine Schreibtafel blicken &#8211; vom Spottlight in Szene gesetzt &#8211; blo\u00df weil er ein Wort vergessen hat.<\/p>\n<div id=\"attachment_4718\" style=\"width: 600px\" class=\"wp-caption aligncenter\"><a href=\"http:\/\/detlev.von.graeve.org\/wp-content\/uploads\/2016\/06\/Rembrandt-Grafiken_0003.jpg\"><img loading=\"lazy\" decoding=\"async\" aria-describedby=\"caption-attachment-4718\" class=\"size-full wp-image-4718\" src=\"http:\/\/detlev.von.graeve.org\/wp-content\/uploads\/2016\/06\/Rembrandt-Grafiken_0003.jpg\" alt=\"Repro: FAZ, um 1958\" width=\"590\" height=\"443\" srcset=\"http:\/\/detlev.von.graeve.org\/wp-content\/uploads\/2016\/06\/Rembrandt-Grafiken_0003.jpg 590w, http:\/\/detlev.von.graeve.org\/wp-content\/uploads\/2016\/06\/Rembrandt-Grafiken_0003-360x270.jpg 360w\" sizes=\"auto, (max-width: 590px) 100vw, 590px\" \/><\/a><p id=\"caption-attachment-4718\" class=\"wp-caption-text\">Repro: FAZ, um 1958<\/p><\/div>\n<p>Kein von der Seeluft gefluteter Raum, nirgends Blau und Geometrie der Kacheln, nur tr\u00fcbes Gewusel. Das soll jemals \u201az\u00fcnftig\u2019 gewesen sein? Schon damals hat\u2019s der Markt gerichtet. Siehe Tulpen. Renaissance-Italiener m\u00fcssen sich schaudernd abgewandt haben. Oder war dort damals schon ein Reni in Mode, schw\u00fclstiger Bruder des Zurbaran?<\/p>\n<p>Wann und wo wurde Rembrandt hochgejubelt? Im verhangenen b\u00fcrgerlichen Deutschen Kaiserreich, wo <em>Psychologie<\/em> und Mythologie die \u00c4sthetik verschwiemelten, und ein akademischer Naturalismus die angeblichen Gottheiten besch\u00e4digte, genau wie bei &#8218;Rembrandt Rembrandt&#8216;.<\/p>\n<p>Upload: 13.6.2016<\/p>\n","protected":false},"excerpt":{"rendered":"<p>im St\u00e4del Frankfurt am 3.5.2003 Wir erlebten die Kollektivierung eines schafsgeduldigen Publikums, organisatorisch gekr\u00f6nt durch das Vorbeiziehen von kopfh\u00f6rerbewaffneten Gruppen unter der F\u00fchrung ihrer Leiterinnen, vorbei an einer Treppe voll wartender Individualbesucher, die zum Obergeschoss anstehen mussten.<\/p>\n","protected":false},"author":1,"featured_media":0,"comment_status":"open","ping_status":"closed","sticky":false,"template":"","format":"standard","meta":{"footnotes":""},"categories":[17],"tags":[],"class_list":["post-4717","post","type-post","status-publish","format-standard","hentry","category-kunstkommissar"],"_links":{"self":[{"href":"http:\/\/detlev.von.graeve.org\/index.php?rest_route=\/wp\/v2\/posts\/4717","targetHints":{"allow":["GET"]}}],"collection":[{"href":"http:\/\/detlev.von.graeve.org\/index.php?rest_route=\/wp\/v2\/posts"}],"about":[{"href":"http:\/\/detlev.von.graeve.org\/index.php?rest_route=\/wp\/v2\/types\/post"}],"author":[{"embeddable":true,"href":"http:\/\/detlev.von.graeve.org\/index.php?rest_route=\/wp\/v2\/users\/1"}],"replies":[{"embeddable":true,"href":"http:\/\/detlev.von.graeve.org\/index.php?rest_route=%2Fwp%2Fv2%2Fcomments&post=4717"}],"version-history":[{"count":2,"href":"http:\/\/detlev.von.graeve.org\/index.php?rest_route=\/wp\/v2\/posts\/4717\/revisions"}],"predecessor-version":[{"id":4721,"href":"http:\/\/detlev.von.graeve.org\/index.php?rest_route=\/wp\/v2\/posts\/4717\/revisions\/4721"}],"wp:attachment":[{"href":"http:\/\/detlev.von.graeve.org\/index.php?rest_route=%2Fwp%2Fv2%2Fmedia&parent=4717"}],"wp:term":[{"taxonomy":"category","embeddable":true,"href":"http:\/\/detlev.von.graeve.org\/index.php?rest_route=%2Fwp%2Fv2%2Fcategories&post=4717"},{"taxonomy":"post_tag","embeddable":true,"href":"http:\/\/detlev.von.graeve.org\/index.php?rest_route=%2Fwp%2Fv2%2Ftags&post=4717"}],"curies":[{"name":"wp","href":"https:\/\/api.w.org\/{rel}","templated":true}]}}