{"id":410,"date":"2003-08-05T23:23:44","date_gmt":"2003-08-05T22:23:44","guid":{"rendered":"http:\/\/detlev.von.graeve.org\/?p=410"},"modified":"2013-11-04T23:13:56","modified_gmt":"2013-11-04T22:13:56","slug":"fragen-an-und-um-dali","status":"publish","type":"post","link":"http:\/\/detlev.von.graeve.org\/?p=410","title":{"rendered":"Ungezogener Salvador Dali !"},"content":{"rendered":"<p>&nbsp;<\/p>\n<p>Fragen an, von und um Rudij Bergmanns Film \u201eDali &#8211; Vorahnung des B\u00fcrgerkriegs\u201c (SWF 2002, als Video noch vorhanden )<\/p>\n<p>Kann man als begabter Mensch erfolgreich durchs Leben taumeln? Ja, mit einer Gala.\u00a0Gibt es einen politisch korrekten Surrealismus? &#8211; Klar! Er steht ein wenig links, bevor er sich in kunstgeschichtliches Wohlgefallen aufl\u00f6st. <!--more-->Und er passt sich nachtr\u00e4glich den Erwartungen an. Er darf nur fr\u00fcher schockiert haben.<\/p>\n<p>Vorab, der Autor Bergmann ist Salvador Dal\u00ed in keiner Disziplin gewachsen. Er wird selber von Obsessionen getrieben: sexuell \u2013 das verraten die vielen kleinen Seitenblicke \u2013 und, was schlimm ist: ideologisch-moralisch. Da h\u00f6rt sein Verst\u00e4ndnis f\u00fcr den prominenten K\u00fcnstler auf, und zwar sehr bald. Selbstverst\u00e4ndlich wiederholt er ein weiteres Mal die orthodox kommunistische Version des B\u00fcrgerkriegs mit dem einschl\u00e4gigen Vokabular:\u00a0\u201e<i>hinterh\u00e4ltiger Putsch der Gener\u00e4le<\/i>\u201c &#8211; \u201e<i>klerikal-faschistisch<\/i>\u201c \u2013 gegen die \u201e<i>demokratisch legitimierte Republik<\/i>\u201c. Wow! Das schlichte Bild reichert er mit bekannten Vorw\u00fcrfen linientreuer<i> <\/i>Surrealisten an. Tja, dann ist noch S. Freud ikanonisch, Breton, Magritte, Bunuel sind okay, alles nette unumstrittene Gr\u00f6\u00dfen der Geistesgeschichte.<\/p>\n<p>Allm\u00e4hlich werden <span style=\"text-decoration: underline;\">Sie<\/span> ungeduldig und fragen zur\u00fcck:\u00a0Darf man denn als junger Mensch, als offensichtlich perverser junger Mensch so selbstbewusst und zentral auf Gruppenbildnissen posieren? Sollte man mit der Provokation nicht vorsichtiger sein und die Grenzen des Erlaubten beachten? Wenn man in diesen Grenzen nicht mehr provozieren kann, muss man sich dann nicht engagieren oder den Mund halten? Darf man <i>dada<\/i> sagen, wenn \u201e<em>Dada<\/em>\u201c nicht angesagt ist? Darf Ber\u00fchmtheit einem den Kopf verdrehen? Ist Provokation ein ausschlie\u00dfliches Privileg der Jugend, unter der Kategorie Jugendstreiche? Darf man mit der Eitelkeit oder der eitlen Strategentums eines Franco oder des Papstes sein Spiel treiben? Darf man sichtlich bem\u00fchte Interviewer auf die Schippe nehmen? Darf man die moralischen Massenmedien mit Schwachsinn f\u00fcttern? Das d\u00fcrfen doch nur Blondinen!<\/p>\n<p>Mae West aus Figueres schielt kurzsichtig her\u00fcber und zieht den Colt. Jetzt wieder ich: \u00a0 Haben etwa Ber\u00fchmtheiten eine moralisch erzieherische Aufgabe? Braucht das moderne Europa ausgerechnet Kunstmaler als geistige Hirten? Mit der \u00e4sthetisch zweifellos banalen Gala, als Dalis Madonna mit Britannias Madonna oder den <em>Spice Girls<\/em> zu vergleichen, und dem Salvadore als Jesuskind? Was w\u00e4re das f\u00fcr ein Spass und welch ein Fressen f\u00fcr den edlen Kunsthandel!<\/p>\n<p>Zur\u00fcck zum \u00a0Film: Als der ber\u00fchmte Dali nach dem Krieg sein schillerndes Spiel weiter treibt, reagiert der Autor! Entt\u00e4uschte Anh\u00e4nger m\u00fcssen als Zeugen seiner Anklage her. Wie \u00a0t\u00f6dliche Blitze st\u00fcrzen \u201eNaturalismus\u201c und \u201eFotorealismus\u201c aus dem blauen Himmel auf den S\u00fcnder herab, aber im Grunde aus einer &#8211; f\u00fcr Dali verbotenen &#8211; kunstgeschichtlichen Schublade! Denn er geh\u00f6rt &#8211; und sei es wegen seines \u201e<i>wichtigsten Bildes<\/i>\u201c &#8211; der Ordnung halber in die surrealistische Schublade, fehlender Automatismus hin, altmeisterliche Neigungen und\u00a0 Manierismen her.<\/p>\n<p>Moral, wenn es \u00fcberhaupt eine gibt: Die K\u00fcnste sind eine viel zu ernste Sache, dass man sie dem Fernsehen \u00fcberlassen d\u00fcrfte. Sorry, ARTE und das Louvre-Team.<\/p>\n<p>5.8.2003 \/ 4.11.2013<\/p>\n","protected":false},"excerpt":{"rendered":"<p>&nbsp; Fragen an, von und um Rudij Bergmanns Film \u201eDali &#8211; Vorahnung des B\u00fcrgerkriegs\u201c (SWF 2002, als Video noch vorhanden ) Kann man als begabter Mensch erfolgreich durchs Leben taumeln? Ja, mit einer Gala.\u00a0Gibt es einen politisch korrekten Surrealismus? &#8211; Klar! Er steht ein wenig links, bevor er sich in kunstgeschichtliches Wohlgefallen aufl\u00f6st.<\/p>\n","protected":false},"author":1,"featured_media":0,"comment_status":"open","ping_status":"open","sticky":false,"template":"","format":"standard","meta":{"footnotes":""},"categories":[17],"tags":[],"class_list":["post-410","post","type-post","status-publish","format-standard","hentry","category-kunstkommissar"],"_links":{"self":[{"href":"http:\/\/detlev.von.graeve.org\/index.php?rest_route=\/wp\/v2\/posts\/410","targetHints":{"allow":["GET"]}}],"collection":[{"href":"http:\/\/detlev.von.graeve.org\/index.php?rest_route=\/wp\/v2\/posts"}],"about":[{"href":"http:\/\/detlev.von.graeve.org\/index.php?rest_route=\/wp\/v2\/types\/post"}],"author":[{"embeddable":true,"href":"http:\/\/detlev.von.graeve.org\/index.php?rest_route=\/wp\/v2\/users\/1"}],"replies":[{"embeddable":true,"href":"http:\/\/detlev.von.graeve.org\/index.php?rest_route=%2Fwp%2Fv2%2Fcomments&post=410"}],"version-history":[{"count":8,"href":"http:\/\/detlev.von.graeve.org\/index.php?rest_route=\/wp\/v2\/posts\/410\/revisions"}],"predecessor-version":[{"id":453,"href":"http:\/\/detlev.von.graeve.org\/index.php?rest_route=\/wp\/v2\/posts\/410\/revisions\/453"}],"wp:attachment":[{"href":"http:\/\/detlev.von.graeve.org\/index.php?rest_route=%2Fwp%2Fv2%2Fmedia&parent=410"}],"wp:term":[{"taxonomy":"category","embeddable":true,"href":"http:\/\/detlev.von.graeve.org\/index.php?rest_route=%2Fwp%2Fv2%2Fcategories&post=410"},{"taxonomy":"post_tag","embeddable":true,"href":"http:\/\/detlev.von.graeve.org\/index.php?rest_route=%2Fwp%2Fv2%2Ftags&post=410"}],"curies":[{"name":"wp","href":"https:\/\/api.w.org\/{rel}","templated":true}]}}