{"id":376,"date":"2010-07-25T19:19:39","date_gmt":"2010-07-25T18:19:39","guid":{"rendered":"http:\/\/detlev.von.graeve.org\/?p=376"},"modified":"2013-11-23T23:40:23","modified_gmt":"2013-11-23T22:40:23","slug":"kleinmeister-klee","status":"publish","type":"post","link":"http:\/\/detlev.von.graeve.org\/?p=376","title":{"rendered":"Kleinmeister Klee"},"content":{"rendered":"<p>Das Duell mit Picasso im neuen\u00a0<i style=\"font-style: italic;\">Zentrum Paul Klee<\/i>\u00a0in Bern.<\/p>\n<p><a href=\"http:\/\/detlev.von.graeve.org\/wp-content\/uploads\/2010\/07\/P1290041Austragung.jpg\"><img loading=\"lazy\" decoding=\"async\" class=\"alignnone size-medium wp-image-382\" alt=\"P1290041Austragung\" src=\"http:\/\/detlev.von.graeve.org\/wp-content\/uploads\/2010\/07\/P1290041Austragung-300x225.jpg\" width=\"300\" height=\"225\" srcset=\"http:\/\/detlev.von.graeve.org\/wp-content\/uploads\/2010\/07\/P1290041Austragung-300x225.jpg 300w, http:\/\/detlev.von.graeve.org\/wp-content\/uploads\/2010\/07\/P1290041Austragung-1024x768.jpg 1024w, http:\/\/detlev.von.graeve.org\/wp-content\/uploads\/2010\/07\/P1290041Austragung-624x468.jpg 624w, http:\/\/detlev.von.graeve.org\/wp-content\/uploads\/2010\/07\/P1290041Austragung.jpg 1200w\" sizes=\"auto, (max-width: 300px) 100vw, 300px\" \/><\/a>\u00a0\u00a0<em>Austragungsort<\/em><\/p>\n<p>&nbsp;<\/p>\n<p>Ergebnis 2:1.\u00a0Er hatte seine Chance. Um den Ausdruck \u201eAugenh\u00f6he\u201c zu verwenden, den die Ausstellung suggeriert: sie war genau Klees Problem.<\/p>\n<p><!--more--> <a href=\"http:\/\/detlev.von.graeve.org\/wp-content\/uploads\/2010\/07\/P1290063Vergleich1.jpg\"><img loading=\"lazy\" decoding=\"async\" alt=\"P1290063Vergleich1\" src=\"http:\/\/detlev.von.graeve.org\/wp-content\/uploads\/2010\/07\/P1290063Vergleich1-300x225.jpg\" width=\"300\" height=\"225\" \/><\/a><\/p>\n<p>K\u00f6nnte Picasso den kranken Klee nicht aus Gro\u00dfz\u00fcgigkeit und\u00a0 aus Sympathie f\u00fcr den eigensinnigen Kleinen besucht haben? Die Ausstellung zeigt nur Asymmetrien: Kurz w\u00e4hrte die provinzielle Jugend Picassos in Barcelona, doppelt so lange die schwierige Pubert\u00e4tsphase Klees, voller tastender Entw\u00fcrfe und formaler Experimente im Kleinformat!\u00a0 Dann folgen vielleicht zwanzig Jahre, in denen\u00a0eine stabile Zeichensprache und ein stetiger, ruhiger Fluss von Einf\u00e4llen\u00a0 vorherrschen, ab dem Weltkrieg und gegen den Trend. Verinnerlichte Poesie und Systematik zwischen M\u00fcnchen, Dessau, D\u00fcsseldorf und Bern. Klee findet ab 1925 auch in Paris gn\u00e4dige Akzeptanz.<\/p>\n<p><a href=\"http:\/\/detlev.von.graeve.org\/wp-content\/uploads\/2010\/07\/P1290055Vergleich-2.jpg\"><img loading=\"lazy\" decoding=\"async\" class=\"alignnone size-medium wp-image-386\" alt=\"P1290055Vergleich 2\" src=\"http:\/\/detlev.von.graeve.org\/wp-content\/uploads\/2010\/07\/P1290055Vergleich-2-300x225.jpg\" width=\"300\" height=\"225\" srcset=\"http:\/\/detlev.von.graeve.org\/wp-content\/uploads\/2010\/07\/P1290055Vergleich-2-300x225.jpg 300w, http:\/\/detlev.von.graeve.org\/wp-content\/uploads\/2010\/07\/P1290055Vergleich-2-1024x768.jpg 1024w, http:\/\/detlev.von.graeve.org\/wp-content\/uploads\/2010\/07\/P1290055Vergleich-2-624x468.jpg 624w, http:\/\/detlev.von.graeve.org\/wp-content\/uploads\/2010\/07\/P1290055Vergleich-2.jpg 1200w\" sizes=\"auto, (max-width: 300px) 100vw, 300px\" \/><\/a><\/p>\n<p>Picasso hingegen mischte bekanntlich in den Kunstrevolutionen mit! Dann lief es f\u00fcr Klee schon hektisch auf das Ende zu, w\u00e4hrend Picasso sich f\u00fcr die kommenden vierzig Jahre in ein mediterranes Elysium spielen ging. Er brauchte nur zu nicken und galt schon als politisch engagierter K\u00fcnstler.<\/p>\n<p>Ich f\u00fchle mich seit langem Klee n\u00e4her, aber das behagt mir keineswegs, trotz der Neigung aller Freundinnen zu seinem diskreten Oeuvre. Ich entferne mich zudem von ihm, gerade von seiner <i>Spiritualit\u00e4t<\/i>, die ich mit Bravheit verbinde, mit seinem fr\u00fchem Altern und Tod. Alles das steckt in seiner \u201e<i>Ironie<\/i>\u201c, in seiner geistreichen \u201e<i>Romantik<\/i>\u201c. \u00dcberhaupt, was w\u00e4ren seine Bilder ohne ihre Untertitel? Eine unendliche Menge farbiger Puzzleteile, haltlos aneinandergereiht, blo\u00df noch numeriert. Wenn Surrealisten sie sch\u00e4tzten, so wegen der sehr <i>deutschen <\/i>Phantasiewelten, die Klee zugleich halb<i>automatisch<\/i> und <i>romantisch <\/i>tiefgr\u00fcndelnd in seine kleinen Formate packte. <i>Dessin automatique<\/i> hie\u00df bei Masson, Dali &amp; Co. jedoch entfesselte Phantasie. Sie waren in <i>Dramatik, Sinnlichkeit und Pathos<\/i> eher Picasso zugewandt. Der schuf seine Bilder und Objekte nun unter mediterraner Sonne, wo ein Klee allenfalls dem Dunst n\u00f6rdlich der Alpen einge wundersch\u00f6ne Farbschattierungen entlockte<\/p>\n<p>.<a href=\"http:\/\/detlev.von.graeve.org\/wp-content\/uploads\/2010\/07\/P1290074Picasso.jpg\"><img loading=\"lazy\" decoding=\"async\" alt=\"P1290074Picasso\" src=\"http:\/\/detlev.von.graeve.org\/wp-content\/uploads\/2010\/07\/P1290074Picasso-225x300.jpg\" width=\"225\" height=\"300\" \/><\/a><\/p>\n","protected":false},"excerpt":{"rendered":"<p>Das Duell mit Picasso im neuen\u00a0Zentrum Paul Klee\u00a0in Bern. \u00a0\u00a0Austragungsort &nbsp; Ergebnis 2:1.\u00a0Er hatte seine Chance. Um den Ausdruck \u201eAugenh\u00f6he\u201c zu verwenden, den die Ausstellung suggeriert: sie war genau Klees Problem.<\/p>\n","protected":false},"author":1,"featured_media":0,"comment_status":"open","ping_status":"open","sticky":false,"template":"","format":"standard","meta":{"footnotes":""},"categories":[17],"tags":[],"class_list":["post-376","post","type-post","status-publish","format-standard","hentry","category-kunstkommissar"],"_links":{"self":[{"href":"http:\/\/detlev.von.graeve.org\/index.php?rest_route=\/wp\/v2\/posts\/376","targetHints":{"allow":["GET"]}}],"collection":[{"href":"http:\/\/detlev.von.graeve.org\/index.php?rest_route=\/wp\/v2\/posts"}],"about":[{"href":"http:\/\/detlev.von.graeve.org\/index.php?rest_route=\/wp\/v2\/types\/post"}],"author":[{"embeddable":true,"href":"http:\/\/detlev.von.graeve.org\/index.php?rest_route=\/wp\/v2\/users\/1"}],"replies":[{"embeddable":true,"href":"http:\/\/detlev.von.graeve.org\/index.php?rest_route=%2Fwp%2Fv2%2Fcomments&post=376"}],"version-history":[{"count":13,"href":"http:\/\/detlev.von.graeve.org\/index.php?rest_route=\/wp\/v2\/posts\/376\/revisions"}],"predecessor-version":[{"id":1030,"href":"http:\/\/detlev.von.graeve.org\/index.php?rest_route=\/wp\/v2\/posts\/376\/revisions\/1030"}],"wp:attachment":[{"href":"http:\/\/detlev.von.graeve.org\/index.php?rest_route=%2Fwp%2Fv2%2Fmedia&parent=376"}],"wp:term":[{"taxonomy":"category","embeddable":true,"href":"http:\/\/detlev.von.graeve.org\/index.php?rest_route=%2Fwp%2Fv2%2Fcategories&post=376"},{"taxonomy":"post_tag","embeddable":true,"href":"http:\/\/detlev.von.graeve.org\/index.php?rest_route=%2Fwp%2Fv2%2Ftags&post=376"}],"curies":[{"name":"wp","href":"https:\/\/api.w.org\/{rel}","templated":true}]}}