{"id":2605,"date":"2003-08-03T20:20:34","date_gmt":"2003-08-03T19:20:34","guid":{"rendered":"http:\/\/detlev.von.graeve.org\/?p=2605"},"modified":"2014-12-23T20:08:44","modified_gmt":"2014-12-23T19:08:44","slug":"wettbewerb-der-diktatoren-franco-gegen-pinochet","status":"publish","type":"post","link":"http:\/\/detlev.von.graeve.org\/?p=2605","title":{"rendered":"Wettbewerb der Diktatoren : Franco gegen Pinochet"},"content":{"rendered":"<p>&nbsp;<\/p>\n<p>Franco der Vollstrecker, der Kreuzz\u00fcgler, der Terminator der spanischen Rechten, der das\u00a0 Blutvergie\u00dfen (sagt Brenan!) ein f\u00fcr alle Mal beenden wollte, die ewigen Feinde ausrotten wollte. Kalten Blutes. Konsequenter Erbe der beklagenswerten politischen Kultur des Landes.<!--more-->R.G\u00f6rtz streicht (1970) an ihm den k\u00fchlen macht- und ordnungsbewussten Staatsmann aus der Kaserne heraus und l\u00e4sst dar\u00fcber die wilden ersten f\u00fcnfzehn Jahre vergessen, die Bernecker knapp und ungeschminkt umrei\u00dft.<\/p>\n<p>&nbsp;<\/p>\n<p>Worauf\u00a0 kommt es nun an?<\/p>\n<p>Bernecker zeigt ein Regime, das nach 1945 auf die Abschlie\u00dfung und Autarkie setzt, teils bewusst, teils gezwungenerma\u00dfen (internationaler Boykott). Aber auch dieser \u00e4u\u00dfere Faktor wird in die Legitimation des Regimes eingebaut. Das Volk hungert. Das \u201eh\u00f6here\u201c Leben kommt zum Stillstand.<\/p>\n<p>\u201eKim Il Sung\u201c !\u00a0 Wir kennen solche Regimes zur Gen\u00fcge, seit Ceausescus und Enver Hoxas Sturz nicht mehr in Europa, aber in Stroessners Paraguay. Maos China geh\u00f6rte eine Zeitlang dazu, bis heute Burma. Was immer die Situationen und ihre Potenziale unterscheidet, worin immer sie nicht vergleichbar erscheinen: Ohne internationales Interesse an ihrer \u00d6ffnung k\u00f6nnen solche Regimes lange existieren, im Windschatten, in einem Winkel ihres Kontinents. Ideologische \u201eRichtungen\u201c erscheinen deshalb analytisch uninteressant.<\/p>\n<p>Ich fand hingegen interessant, dass mangels Kenntnissen mir ein Franco harmloser erschienen war als etwa ein Pinochet. In der Wirkung muss man wohl die Wertung umkehren.\u00a0Pinochet hat wie manche anderen Diktatoren das Land ge\u00f6ffnet, ihm nicht Jahrzehnte an Entwicklung gestohlen.<\/p>\n<p>Wir sehen an Francos zweiter Herrschaftsphase: Auch wenn nur Arbeitskr\u00e4fte hinausgelassen und Kapital und G\u00fcter ins Land gelassen werden sollen, die Zersetzung des unmenschlichen Paradiesgartens ist unaufhaltsam. Auch politisch erodiert die\u00a0 Diktatur, was Hoffnung f\u00fcr die VR China macht und was\u00a0 Todds Blickwinkel best\u00e4tigt: Internationale Verflechtung, Hebung des Bildungsniveaus sind unauff\u00e4llig, aber \u00e4u\u00dferst wirksam.\u00a0 \u201eRevolutionen\u201c und\u00a0 \u201eRevolution\u00e4re\u201c kann man dagegen abschreiben. Die Verh\u00e4ltnisse lassen neue soziale Bewegungen spontan entstehen.<\/p>\n<p>Die ihre V\u00f6lker schlicht einkerkern, sind &#8211; von den Aggressoren wie Hitler einmal abgesehen &#8211; die gr\u00f6\u00dften politischen Verbrecher.<\/p>\n","protected":false},"excerpt":{"rendered":"<p>&nbsp; Franco der Vollstrecker, der Kreuzz\u00fcgler, der Terminator der spanischen Rechten, der das\u00a0 Blutvergie\u00dfen (sagt Brenan!) ein f\u00fcr alle Mal beenden wollte, die ewigen Feinde ausrotten wollte. Kalten Blutes. Konsequenter Erbe der beklagenswerten politischen Kultur des Landes.<\/p>\n","protected":false},"author":1,"featured_media":0,"comment_status":"open","ping_status":"open","sticky":false,"template":"","format":"standard","meta":{"footnotes":""},"categories":[6],"tags":[],"class_list":["post-2605","post","type-post","status-publish","format-standard","hentry","category-frueher"],"_links":{"self":[{"href":"http:\/\/detlev.von.graeve.org\/index.php?rest_route=\/wp\/v2\/posts\/2605","targetHints":{"allow":["GET"]}}],"collection":[{"href":"http:\/\/detlev.von.graeve.org\/index.php?rest_route=\/wp\/v2\/posts"}],"about":[{"href":"http:\/\/detlev.von.graeve.org\/index.php?rest_route=\/wp\/v2\/types\/post"}],"author":[{"embeddable":true,"href":"http:\/\/detlev.von.graeve.org\/index.php?rest_route=\/wp\/v2\/users\/1"}],"replies":[{"embeddable":true,"href":"http:\/\/detlev.von.graeve.org\/index.php?rest_route=%2Fwp%2Fv2%2Fcomments&post=2605"}],"version-history":[{"count":1,"href":"http:\/\/detlev.von.graeve.org\/index.php?rest_route=\/wp\/v2\/posts\/2605\/revisions"}],"predecessor-version":[{"id":2606,"href":"http:\/\/detlev.von.graeve.org\/index.php?rest_route=\/wp\/v2\/posts\/2605\/revisions\/2606"}],"wp:attachment":[{"href":"http:\/\/detlev.von.graeve.org\/index.php?rest_route=%2Fwp%2Fv2%2Fmedia&parent=2605"}],"wp:term":[{"taxonomy":"category","embeddable":true,"href":"http:\/\/detlev.von.graeve.org\/index.php?rest_route=%2Fwp%2Fv2%2Fcategories&post=2605"},{"taxonomy":"post_tag","embeddable":true,"href":"http:\/\/detlev.von.graeve.org\/index.php?rest_route=%2Fwp%2Fv2%2Ftags&post=2605"}],"curies":[{"name":"wp","href":"https:\/\/api.w.org\/{rel}","templated":true}]}}