{"id":15733,"date":"2024-03-29T20:13:30","date_gmt":"2024-03-29T19:13:30","guid":{"rendered":"http:\/\/detlev.von.graeve.org\/?p=15733"},"modified":"2024-09-25T20:05:21","modified_gmt":"2024-09-25T18:05:21","slug":"berner-alpen-naturschoenheit-durch-malerei-suggerieren","status":"publish","type":"post","link":"http:\/\/detlev.von.graeve.org\/?p=15733","title":{"rendered":"Berner Alpen &#8211;  Natursch\u00f6nheit durch Malerei &#8222;suggerieren&#8220;!"},"content":{"rendered":"<p>&nbsp;<\/p>\n<p>Ich komme gerade aus meinem Galeriekeller, wo ich wieder eine Mappe von Wiegmanns Landschaftsstudien aufgeschlagen habe, in ihren Passepartouts, auch wenn die nach \u00fcber f\u00fcnfzig Jahren nicht mehr untadelig sind.<\/p>\n<p>Ich ging mit den Augen und dann mit der kleinen Kamera wieder dicht heran und staunte \u00fcber die manchmal gro\u00dfz\u00fcgigen, dann wieder komplex geschichteten Pinselstriche. Unsere Gew\u00f6hnung an die allgegenw\u00e4rtigen Reproduktionen und der schnelle Blick aufs Motiv behindern unsere Wahrnehmung von Kunst.<!--more--><\/p>\n<p>Ich erinnere an das Zitat Max Liebermanns in Andreas Kreuls Aufsatz:<\/p>\n<p>,,<em>Der Maler hat nur die Farbenskala von Schwarz und Wei\u00df auf der Palette: aus ihr soll er Leben, Licht und Luft auf die Leinwand zaubern, ein paar Striche, ein paar unvermittelt nebeneinandergesetzte Farbenflecke sollen aus der richtigen Entfernung dem Beschauer den Eindruck der Natur suggerieren.\u201d <\/em>(57) (<a href=\"http:\/\/detlev.von.graeve.org\/?p=15334\" target=\"_blank\" rel=\"noopener\">LINK<\/a> )<\/p>\n<p>Mir steht aber auch eine inzwischen bald hundertj\u00e4hrige Papier-Karton-Collage \u2013 ein Stilleben &#8211; von Wiegmann vor Augen, genauer meine fotografische Dokumentation ihrer Schichtungen. Ich komme immer wieder in Versuchung, sie trotz ihres ruin\u00f6sen Zustands zu erwerben. Schlie\u00dflich ist sie auf einem Albumfoto von 1928 zu sehen, direkt \u00fcber der Kommode (<a href=\"http:\/\/detlev.von.graeve.org\/?p=5747\" target=\"_blank\" rel=\"noopener\">LINK<\/a>). Die Radikalit\u00e4t der Collage ist auf der Aufnahme durch Unsch\u00e4rfe und Spiegelung im Rahmen abgemildert. Schade, dass keine detailliertere Aufnahme existiert. Eine Rekonstruktion w\u00e4re sicher interessant.<\/p>\n<div id=\"attachment_15734\" style=\"width: 493px\" class=\"wp-caption aligncenter\"><a href=\"http:\/\/detlev.von.graeve.org\/wp-content\/uploads\/2024\/03\/Collage-Aufbau-IMG_4228_.jpg\"><img loading=\"lazy\" decoding=\"async\" aria-describedby=\"caption-attachment-15734\" class=\" wp-image-15734\" src=\"http:\/\/detlev.von.graeve.org\/wp-content\/uploads\/2024\/03\/Collage-Aufbau-IMG_4228_-900x475.jpg\" alt=\"\" width=\"483\" height=\"255\" srcset=\"http:\/\/detlev.von.graeve.org\/wp-content\/uploads\/2024\/03\/Collage-Aufbau-IMG_4228_-900x475.jpg 900w, http:\/\/detlev.von.graeve.org\/wp-content\/uploads\/2024\/03\/Collage-Aufbau-IMG_4228_-360x190.jpg 360w, http:\/\/detlev.von.graeve.org\/wp-content\/uploads\/2024\/03\/Collage-Aufbau-IMG_4228_-624x330.jpg 624w, http:\/\/detlev.von.graeve.org\/wp-content\/uploads\/2024\/03\/Collage-Aufbau-IMG_4228_.jpg 1100w\" sizes=\"auto, (max-width: 483px) 100vw, 483px\" \/><\/a><p id=\"caption-attachment-15734\" class=\"wp-caption-text\">Collage-Aufbau-IMG_4228_<\/p><\/div>\n<p>Diesmal bemerke ich aber noch etwas anderes: die in der Schr\u00e4gsicht zerkl\u00fcftete abstrakte Landschaft der Karton- und Papierschichten, deren harte Kanten\u00a0 gegen die feinen Pinselstriche abstechen, mit denen Wiegmann in den sechziger Jahren malerisch\u00a0 farbliche Abstufungen\u00a0 realisierte. Er setzte intuitiv entsprechende Pinselstriche, wie im Anschluss einige Detailfotos zeigen sollen. Seine Abwendung von den Reduktionsstechniken der inzwischen \u201aKlassischen Moderne\u2019 hatte sich gelohnt!<\/p>\n<h5>Peiping Chronicle <a href=\"http:\/\/detlev.von.graeve.org\/wp-content\/uploads\/2016\/11\/%3Ca%20href=\">16.2.1936<\/a>\u00a0\u00a0 Ausschnitt<strong><a href=\"http:\/\/detlev.von.graeve.org\/wp-content\/uploads\/2016\/11\/The-Peiping-Chronicle-16.2.1936-Ausschnitt.jpg\"><img loading=\"lazy\" decoding=\"async\" class=\"size-medium wp-image-6043 alignleft\" src=\"http:\/\/detlev.von.graeve.org\/wp-content\/uploads\/2016\/11\/The-Peiping-Chronicle-16.2.1936-Ausschnitt-225x360.jpg\" sizes=\"auto, (max-width: 225px) 100vw, 225px\" srcset=\"http:\/\/detlev.von.graeve.org\/wp-content\/uploads\/2016\/11\/The-Peiping-Chronicle-16.2.1936-Ausschnitt-225x360.jpg 225w, http:\/\/detlev.von.graeve.org\/wp-content\/uploads\/2016\/11\/The-Peiping-Chronicle-16.2.1936-Ausschnitt-562x900.jpg 562w, http:\/\/detlev.von.graeve.org\/wp-content\/uploads\/2016\/11\/The-Peiping-Chronicle-16.2.1936-Ausschnitt.jpg 624w\" alt=\"the-peiping-chronicle-16-2-1936-ausschnitt\" width=\"225\" height=\"360\" \/><\/a><\/strong><\/h5>\n<p>\u201e<em>Die spanische Schule des Velasquez, die franz\u00f6sischen Schule Cezannes und die italienische da Vincis waren f\u00fcr ihn Offenbarungen. Deren Studium brachte ihn dazu, sich ihrer F\u00fchrung und Inspiration zu \u00fcberlassen und der Schule der Moderne, die er kannte, den R\u00fccken zu kehren. Auf seinen Reisen durch diese L\u00e4nder nahm er die moderne Entwicklung von diesen alten Meistern aus in den Blick, und er entwickelte das gr\u00f6\u00dfte Interesse an ihrer Wirkung auf die Kunst der Gegenwart. Als Resultat machte er eine Synthese alles dessen und entwickelte seinen pers\u00f6nlichen Stil.<\/em>\u201c<\/p>\n<p>&nbsp;<\/p>\n<p>&nbsp;<\/p>\n<p>Digitale Wiedergabe hat auch ihre Vorz\u00fcge: Die Ausschnittsvergr\u00f6\u00dferung erleichtert den Blick auf die Strichf\u00fchrung. Das <em>Icon<\/em> auf der Blogseite gibt dagegen den Blick f\u00fcr die &#8222;Suggestion&#8220; frei. Die Reproduktion ist vom wei\u00dfen Hintergrund der digitalen Pr\u00e4sentation umgeben wie einem Passepartout.<\/p>\n<div id=\"attachment_15613\" style=\"width: 370px\" class=\"wp-caption alignright\"><a href=\"http:\/\/detlev.von.graeve.org\/wp-content\/uploads\/2024\/03\/L-56-W-IMG_1279.jpg\"><img loading=\"lazy\" decoding=\"async\" aria-describedby=\"caption-attachment-15613\" class=\"size-medium wp-image-15613\" src=\"http:\/\/detlev.von.graeve.org\/wp-content\/uploads\/2024\/03\/L-56-W-IMG_1279-360x277.jpg\" alt=\"\" width=\"360\" height=\"277\" srcset=\"http:\/\/detlev.von.graeve.org\/wp-content\/uploads\/2024\/03\/L-56-W-IMG_1279-360x277.jpg 360w, http:\/\/detlev.von.graeve.org\/wp-content\/uploads\/2024\/03\/L-56-W-IMG_1279-900x693.jpg 900w, http:\/\/detlev.von.graeve.org\/wp-content\/uploads\/2024\/03\/L-56-W-IMG_1279-624x480.jpg 624w, http:\/\/detlev.von.graeve.org\/wp-content\/uploads\/2024\/03\/L-56-W-IMG_1279.jpg 1100w\" sizes=\"auto, (max-width: 360px) 100vw, 360px\" \/><\/a><p id=\"caption-attachment-15613\" class=\"wp-caption-text\">L 56 30&#215;40 &#8222;W&#8220; etwa 1965\u00a0 (Kunsthaus Interlaken)<\/p><\/div>\n<p>&nbsp;<\/p>\n<p>Die folgenden spontan ausgew\u00e4hlten Bildausschnitte &#8211; nur durch Katalognummern identifiziert &#8211; werde ich nicht kommentieren. Vergr\u00f6\u00dferung durch Anklicken. Viel Vergn\u00fcgen! Am Ende folgt dann noch ein Gespr\u00e4ch unter Laien.<\/p>\n<p>&nbsp;<\/p>\n<div id=\"attachment_15738\" style=\"width: 635px\" class=\"wp-caption aligncenter\"><a href=\"http:\/\/detlev.von.graeve.org\/wp-content\/uploads\/2024\/03\/L-56A-W-IMG_1291.jpg\"><img loading=\"lazy\" decoding=\"async\" aria-describedby=\"caption-attachment-15738\" class=\"size-large wp-image-15738\" src=\"http:\/\/detlev.von.graeve.org\/wp-content\/uploads\/2024\/03\/L-56A-W-IMG_1291-900x675.jpg\" alt=\"\" width=\"625\" height=\"469\" srcset=\"http:\/\/detlev.von.graeve.org\/wp-content\/uploads\/2024\/03\/L-56A-W-IMG_1291-900x675.jpg 900w, http:\/\/detlev.von.graeve.org\/wp-content\/uploads\/2024\/03\/L-56A-W-IMG_1291-360x270.jpg 360w, http:\/\/detlev.von.graeve.org\/wp-content\/uploads\/2024\/03\/L-56A-W-IMG_1291-624x468.jpg 624w, http:\/\/detlev.von.graeve.org\/wp-content\/uploads\/2024\/03\/L-56A-W-IMG_1291.jpg 1100w\" sizes=\"auto, (max-width: 625px) 100vw, 625px\" \/><\/a><p id=\"caption-attachment-15738\" class=\"wp-caption-text\">L 56A (Kunsthaus Interlaken) &#8211; IMG_1291 rechte Seite<\/p><\/div>\n<p>&nbsp;<\/p>\n<div id=\"attachment_15737\" style=\"width: 635px\" class=\"wp-caption aligncenter\"><a href=\"http:\/\/detlev.von.graeve.org\/wp-content\/uploads\/2024\/03\/L-56A-W-IMG_1288-1.jpg\"><img loading=\"lazy\" decoding=\"async\" aria-describedby=\"caption-attachment-15737\" class=\"size-large wp-image-15737\" src=\"http:\/\/detlev.von.graeve.org\/wp-content\/uploads\/2024\/03\/L-56A-W-IMG_1288-1-900x675.jpg\" alt=\"\" width=\"625\" height=\"469\" srcset=\"http:\/\/detlev.von.graeve.org\/wp-content\/uploads\/2024\/03\/L-56A-W-IMG_1288-1-900x675.jpg 900w, http:\/\/detlev.von.graeve.org\/wp-content\/uploads\/2024\/03\/L-56A-W-IMG_1288-1-360x270.jpg 360w, http:\/\/detlev.von.graeve.org\/wp-content\/uploads\/2024\/03\/L-56A-W-IMG_1288-1-624x468.jpg 624w, http:\/\/detlev.von.graeve.org\/wp-content\/uploads\/2024\/03\/L-56A-W-IMG_1288-1.jpg 1100w\" sizes=\"auto, (max-width: 625px) 100vw, 625px\" \/><\/a><p id=\"caption-attachment-15737\" class=\"wp-caption-text\">L 56A Kunsthaus Interlaken &#8211; IMG_1288 Schulter des Harder (?)<\/p><\/div>\n<div id=\"attachment_15739\" style=\"width: 635px\" class=\"wp-caption aligncenter\"><a href=\"http:\/\/detlev.von.graeve.org\/wp-content\/uploads\/2024\/03\/L-71-A.jpg\"><img loading=\"lazy\" decoding=\"async\" aria-describedby=\"caption-attachment-15739\" class=\"size-large wp-image-15739\" src=\"http:\/\/detlev.von.graeve.org\/wp-content\/uploads\/2024\/03\/L-71-A-900x675.jpg\" alt=\"\" width=\"625\" height=\"469\" srcset=\"http:\/\/detlev.von.graeve.org\/wp-content\/uploads\/2024\/03\/L-71-A-900x675.jpg 900w, http:\/\/detlev.von.graeve.org\/wp-content\/uploads\/2024\/03\/L-71-A-360x270.jpg 360w, http:\/\/detlev.von.graeve.org\/wp-content\/uploads\/2024\/03\/L-71-A-624x468.jpg 624w, http:\/\/detlev.von.graeve.org\/wp-content\/uploads\/2024\/03\/L-71-A.jpg 1200w\" sizes=\"auto, (max-width: 625px) 100vw, 625px\" \/><\/a><p id=\"caption-attachment-15739\" class=\"wp-caption-text\">L 71 A<\/p><\/div>\n<p>&nbsp;<\/p>\n<div id=\"attachment_15740\" style=\"width: 635px\" class=\"wp-caption aligncenter\"><a href=\"http:\/\/detlev.von.graeve.org\/wp-content\/uploads\/2024\/03\/L-62-Ausschnitt-Vorberge-des-Dreigestirns.jpg\"><img loading=\"lazy\" decoding=\"async\" aria-describedby=\"caption-attachment-15740\" class=\"size-large wp-image-15740\" src=\"http:\/\/detlev.von.graeve.org\/wp-content\/uploads\/2024\/03\/L-62-Ausschnitt-Vorberge-des-Dreigestirns-900x675.jpg\" alt=\"\" width=\"625\" height=\"469\" srcset=\"http:\/\/detlev.von.graeve.org\/wp-content\/uploads\/2024\/03\/L-62-Ausschnitt-Vorberge-des-Dreigestirns-900x675.jpg 900w, http:\/\/detlev.von.graeve.org\/wp-content\/uploads\/2024\/03\/L-62-Ausschnitt-Vorberge-des-Dreigestirns-360x270.jpg 360w, http:\/\/detlev.von.graeve.org\/wp-content\/uploads\/2024\/03\/L-62-Ausschnitt-Vorberge-des-Dreigestirns-624x468.jpg 624w, http:\/\/detlev.von.graeve.org\/wp-content\/uploads\/2024\/03\/L-62-Ausschnitt-Vorberge-des-Dreigestirns.jpg 1200w\" sizes=\"auto, (max-width: 625px) 100vw, 625px\" \/><\/a><p id=\"caption-attachment-15740\" class=\"wp-caption-text\">L 70 Ausschnitt : Vorberge des Dreigestirns<\/p><\/div>\n<p>&nbsp;<\/p>\n<div id=\"attachment_15741\" style=\"width: 635px\" class=\"wp-caption aligncenter\"><a href=\"http:\/\/detlev.von.graeve.org\/wp-content\/uploads\/2024\/03\/L-62A-W-IMG_1276.jpg\"><img loading=\"lazy\" decoding=\"async\" aria-describedby=\"caption-attachment-15741\" class=\"size-large wp-image-15741\" src=\"http:\/\/detlev.von.graeve.org\/wp-content\/uploads\/2024\/03\/L-62A-W-IMG_1276-900x675.jpg\" alt=\"\" width=\"625\" height=\"469\" srcset=\"http:\/\/detlev.von.graeve.org\/wp-content\/uploads\/2024\/03\/L-62A-W-IMG_1276-900x675.jpg 900w, http:\/\/detlev.von.graeve.org\/wp-content\/uploads\/2024\/03\/L-62A-W-IMG_1276-360x270.jpg 360w, http:\/\/detlev.von.graeve.org\/wp-content\/uploads\/2024\/03\/L-62A-W-IMG_1276-624x468.jpg 624w, http:\/\/detlev.von.graeve.org\/wp-content\/uploads\/2024\/03\/L-62A-W-IMG_1276.jpg 1100w\" sizes=\"auto, (max-width: 625px) 100vw, 625px\" \/><\/a><p id=\"caption-attachment-15741\" class=\"wp-caption-text\">L 62A &#8211; IMG_1276<\/p><\/div>\n<p>&nbsp;<\/p>\n<div id=\"attachment_15742\" style=\"width: 635px\" class=\"wp-caption aligncenter\"><a href=\"http:\/\/detlev.von.graeve.org\/wp-content\/uploads\/2024\/03\/L-61A-links-IMG_1327.jpg\"><img loading=\"lazy\" decoding=\"async\" aria-describedby=\"caption-attachment-15742\" class=\"size-large wp-image-15742\" src=\"http:\/\/detlev.von.graeve.org\/wp-content\/uploads\/2024\/03\/L-61A-links-IMG_1327-900x675.jpg\" alt=\"\" width=\"625\" height=\"469\" srcset=\"http:\/\/detlev.von.graeve.org\/wp-content\/uploads\/2024\/03\/L-61A-links-IMG_1327-900x675.jpg 900w, http:\/\/detlev.von.graeve.org\/wp-content\/uploads\/2024\/03\/L-61A-links-IMG_1327-360x270.jpg 360w, http:\/\/detlev.von.graeve.org\/wp-content\/uploads\/2024\/03\/L-61A-links-IMG_1327-624x468.jpg 624w, http:\/\/detlev.von.graeve.org\/wp-content\/uploads\/2024\/03\/L-61A-links-IMG_1327.jpg 1100w\" sizes=\"auto, (max-width: 625px) 100vw, 625px\" \/><\/a><p id=\"caption-attachment-15742\" class=\"wp-caption-text\">L 61A links &#8211; IMG_1327<\/p><\/div>\n<p>&nbsp;<\/p>\n<div id=\"attachment_15743\" style=\"width: 534px\" class=\"wp-caption aligncenter\"><a href=\"http:\/\/detlev.von.graeve.org\/wp-content\/uploads\/2024\/03\/L-70-gr.A-Kiefer.jpg\"><img loading=\"lazy\" decoding=\"async\" aria-describedby=\"caption-attachment-15743\" class=\" wp-image-15743\" src=\"http:\/\/detlev.von.graeve.org\/wp-content\/uploads\/2024\/03\/L-70-gr.A-Kiefer-675x900.jpg\" alt=\"\" width=\"524\" height=\"699\" srcset=\"http:\/\/detlev.von.graeve.org\/wp-content\/uploads\/2024\/03\/L-70-gr.A-Kiefer-675x900.jpg 675w, http:\/\/detlev.von.graeve.org\/wp-content\/uploads\/2024\/03\/L-70-gr.A-Kiefer-270x360.jpg 270w, http:\/\/detlev.von.graeve.org\/wp-content\/uploads\/2024\/03\/L-70-gr.A-Kiefer-624x832.jpg 624w, http:\/\/detlev.von.graeve.org\/wp-content\/uploads\/2024\/03\/L-70-gr.A-Kiefer.jpg 825w\" sizes=\"auto, (max-width: 524px) 100vw, 524px\" \/><\/a><p id=\"caption-attachment-15743\" class=\"wp-caption-text\">L 71 AA Kiefer<\/p><\/div>\n<p>&nbsp;<\/p>\n<div id=\"attachment_15744\" style=\"width: 536px\" class=\"wp-caption aligncenter\"><a href=\"http:\/\/detlev.von.graeve.org\/wp-content\/uploads\/2024\/03\/L-50-A-IMG_1073-1.jpg\"><img loading=\"lazy\" decoding=\"async\" aria-describedby=\"caption-attachment-15744\" class=\" wp-image-15744\" src=\"http:\/\/detlev.von.graeve.org\/wp-content\/uploads\/2024\/03\/L-50-A-IMG_1073-1-675x900.jpg\" alt=\"\" width=\"526\" height=\"701\" srcset=\"http:\/\/detlev.von.graeve.org\/wp-content\/uploads\/2024\/03\/L-50-A-IMG_1073-1-675x900.jpg 675w, http:\/\/detlev.von.graeve.org\/wp-content\/uploads\/2024\/03\/L-50-A-IMG_1073-1-270x360.jpg 270w, http:\/\/detlev.von.graeve.org\/wp-content\/uploads\/2024\/03\/L-50-A-IMG_1073-1-624x832.jpg 624w, http:\/\/detlev.von.graeve.org\/wp-content\/uploads\/2024\/03\/L-50-A-IMG_1073-1.jpg 825w\" sizes=\"auto, (max-width: 526px) 100vw, 526px\" \/><\/a><p id=\"caption-attachment-15744\" class=\"wp-caption-text\">L 50 A &#8211; IMG_1073 Justi-Tal<\/p><\/div>\n<p>&nbsp;<\/p>\n<div id=\"attachment_15747\" style=\"width: 535px\" class=\"wp-caption aligncenter\"><a href=\"http:\/\/detlev.von.graeve.org\/wp-content\/uploads\/2024\/03\/L-47-A-IMG_1104-1.jpg\"><img loading=\"lazy\" decoding=\"async\" aria-describedby=\"caption-attachment-15747\" class=\" wp-image-15747\" src=\"http:\/\/detlev.von.graeve.org\/wp-content\/uploads\/2024\/03\/L-47-A-IMG_1104-1-675x900.jpg\" alt=\"\" width=\"525\" height=\"700\" srcset=\"http:\/\/detlev.von.graeve.org\/wp-content\/uploads\/2024\/03\/L-47-A-IMG_1104-1-675x900.jpg 675w, http:\/\/detlev.von.graeve.org\/wp-content\/uploads\/2024\/03\/L-47-A-IMG_1104-1-270x360.jpg 270w, http:\/\/detlev.von.graeve.org\/wp-content\/uploads\/2024\/03\/L-47-A-IMG_1104-1-624x832.jpg 624w, http:\/\/detlev.von.graeve.org\/wp-content\/uploads\/2024\/03\/L-47-A-IMG_1104-1.jpg 825w\" sizes=\"auto, (max-width: 525px) 100vw, 525px\" \/><\/a><p id=\"caption-attachment-15747\" class=\"wp-caption-text\">L 47 A &#8211; IMG_1104 Flanke des Niederhorns zum Thunersee<\/p><\/div>\n<p>&nbsp;<\/p>\n<div id=\"attachment_15748\" style=\"width: 526px\" class=\"wp-caption aligncenter\"><a href=\"http:\/\/detlev.von.graeve.org\/wp-content\/uploads\/2024\/03\/L-47-A-IMG_1105.jpg\"><img loading=\"lazy\" decoding=\"async\" aria-describedby=\"caption-attachment-15748\" class=\" wp-image-15748\" src=\"http:\/\/detlev.von.graeve.org\/wp-content\/uploads\/2024\/03\/L-47-A-IMG_1105-663x900.jpg\" alt=\"\" width=\"516\" height=\"700\" srcset=\"http:\/\/detlev.von.graeve.org\/wp-content\/uploads\/2024\/03\/L-47-A-IMG_1105-663x900.jpg 663w, http:\/\/detlev.von.graeve.org\/wp-content\/uploads\/2024\/03\/L-47-A-IMG_1105-265x360.jpg 265w, http:\/\/detlev.von.graeve.org\/wp-content\/uploads\/2024\/03\/L-47-A-IMG_1105-624x847.jpg 624w, http:\/\/detlev.von.graeve.org\/wp-content\/uploads\/2024\/03\/L-47-A-IMG_1105.jpg 810w\" sizes=\"auto, (max-width: 516px) 100vw, 516px\" \/><\/a><p id=\"caption-attachment-15748\" class=\"wp-caption-text\">L 47 A &#8211; IMG_1105 Gegen\u00fcberliegende Flanke \u00fcber Merlingen<\/p><\/div>\n<div id=\"attachment_15749\" style=\"width: 635px\" class=\"wp-caption aligncenter\"><a href=\"http:\/\/detlev.von.graeve.org\/wp-content\/uploads\/2024\/03\/L-49-A-IMG_1132.jpg\"><img loading=\"lazy\" decoding=\"async\" aria-describedby=\"caption-attachment-15749\" class=\"size-large wp-image-15749\" src=\"http:\/\/detlev.von.graeve.org\/wp-content\/uploads\/2024\/03\/L-49-A-IMG_1132-900x705.jpg\" alt=\"\" width=\"625\" height=\"490\" srcset=\"http:\/\/detlev.von.graeve.org\/wp-content\/uploads\/2024\/03\/L-49-A-IMG_1132-900x705.jpg 900w, http:\/\/detlev.von.graeve.org\/wp-content\/uploads\/2024\/03\/L-49-A-IMG_1132-360x282.jpg 360w, http:\/\/detlev.von.graeve.org\/wp-content\/uploads\/2024\/03\/L-49-A-IMG_1132-624x489.jpg 624w, http:\/\/detlev.von.graeve.org\/wp-content\/uploads\/2024\/03\/L-49-A-IMG_1132.jpg 1100w\" sizes=\"auto, (max-width: 625px) 100vw, 625px\" \/><\/a><p id=\"caption-attachment-15749\" class=\"wp-caption-text\">L 49 A &#8211; IMG_1132 Spiez hinter Landzunge, im Hintergrund rechts das Stockhorn<\/p><\/div>\n<p>&nbsp;<\/p>\n<div id=\"attachment_15750\" style=\"width: 635px\" class=\"wp-caption aligncenter\"><a href=\"http:\/\/detlev.von.graeve.org\/wp-content\/uploads\/2024\/03\/L-28A-IMG_0269.jpg\"><img loading=\"lazy\" decoding=\"async\" aria-describedby=\"caption-attachment-15750\" class=\"size-large wp-image-15750\" src=\"http:\/\/detlev.von.graeve.org\/wp-content\/uploads\/2024\/03\/L-28A-IMG_0269-900x674.jpg\" alt=\"\" width=\"625\" height=\"468\" srcset=\"http:\/\/detlev.von.graeve.org\/wp-content\/uploads\/2024\/03\/L-28A-IMG_0269-900x674.jpg 900w, http:\/\/detlev.von.graeve.org\/wp-content\/uploads\/2024\/03\/L-28A-IMG_0269-360x270.jpg 360w, http:\/\/detlev.von.graeve.org\/wp-content\/uploads\/2024\/03\/L-28A-IMG_0269-624x467.jpg 624w, http:\/\/detlev.von.graeve.org\/wp-content\/uploads\/2024\/03\/L-28A-IMG_0269.jpg 1100w\" sizes=\"auto, (max-width: 625px) 100vw, 625px\" \/><\/a><p id=\"caption-attachment-15750\" class=\"wp-caption-text\">L 28A IMG_0269 Z\u00e4hne s\u00fcdwestlich hinter dem Niesen<\/p><\/div>\n<div id=\"attachment_15751\" style=\"width: 635px\" class=\"wp-caption aligncenter\"><a href=\"http:\/\/detlev.von.graeve.org\/wp-content\/uploads\/2024\/03\/L-18-15x34-IMG_1054.jpg\"><img loading=\"lazy\" decoding=\"async\" aria-describedby=\"caption-attachment-15751\" class=\"size-large wp-image-15751\" src=\"http:\/\/detlev.von.graeve.org\/wp-content\/uploads\/2024\/03\/L-18-15x34-IMG_1054-900x675.jpg\" alt=\"\" width=\"625\" height=\"469\" srcset=\"http:\/\/detlev.von.graeve.org\/wp-content\/uploads\/2024\/03\/L-18-15x34-IMG_1054-900x675.jpg 900w, http:\/\/detlev.von.graeve.org\/wp-content\/uploads\/2024\/03\/L-18-15x34-IMG_1054-360x270.jpg 360w, http:\/\/detlev.von.graeve.org\/wp-content\/uploads\/2024\/03\/L-18-15x34-IMG_1054-624x468.jpg 624w, http:\/\/detlev.von.graeve.org\/wp-content\/uploads\/2024\/03\/L-18-15x34-IMG_1054.jpg 1100w\" sizes=\"auto, (max-width: 625px) 100vw, 625px\" \/><\/a><p id=\"caption-attachment-15751\" class=\"wp-caption-text\">L 18 &#8211; IMG_1054 Simmental hinter Spiez<\/p><\/div>\n<p>&nbsp;<\/p>\n<h3>Am Schluss noch eine gemeinsame Betrachtung <strong>mit meinem Sohn <\/strong><strong>\u00fcber die Bilder L 65 und L 71 (Dreigestirn)<\/strong><\/h3>\n<div id=\"attachment_14913\" class=\"wp-caption alignright\">\n<p><a href=\"http:\/\/detlev.von.graeve.org\/wp-content\/uploads\/2023\/05\/L-65_Wgm-30x40-K.jpg\"><img loading=\"lazy\" decoding=\"async\" class=\"size-medium wp-image-14913\" src=\"http:\/\/detlev.von.graeve.org\/wp-content\/uploads\/2023\/05\/L-65_Wgm-30x40-K-360x266.jpg\" sizes=\"auto, (max-width: 360px) 100vw, 360px\" srcset=\"http:\/\/detlev.von.graeve.org\/wp-content\/uploads\/2023\/05\/L-65_Wgm-30x40-K-360x266.jpg 360w, http:\/\/detlev.von.graeve.org\/wp-content\/uploads\/2023\/05\/L-65_Wgm-30x40-K-900x666.jpg 900w, http:\/\/detlev.von.graeve.org\/wp-content\/uploads\/2023\/05\/L-65_Wgm-30x40-K-624x462.jpg 624w, http:\/\/detlev.von.graeve.org\/wp-content\/uploads\/2023\/05\/L-65_Wgm-30x40-K.jpg 1100w\" alt=\"\" width=\"360\" height=\"266\" aria-describedby=\"caption-attachment-14913\" \/><\/a><\/p>\n<p id=\"caption-attachment-14913\" class=\"wp-caption-text\">L 65_Wgm 30\u00d740 cm<\/p>\n<\/div>\n<p>Wie selbstverst\u00e4ndlich (Nebel? <em>Regenguss?<\/em>) Egal, ob die Wolke zu tief h\u00e4ngt. Ein Haus in der Mitte? Wir entdecken zusammen die Landschaft. Ich wende zwei Zeitfaktoren auf das Bild an: Fotografieren k\u00f6nnte man das Bild in einem Moment, aber wenn man es malen wollte, w\u00e4ren Wolken und Lichtstreifen bereits \u00fcber alle Berge. Zweitens generell den der Entstehung: Wie sah das Bild vor den dunklen Konturen der Baumreihen aus und vor dem Wei\u00df in den Wolken? Den ganzen Werkzeugkasten aus f\u00fcnfzig Jahren Malerei verwendete Wiegmann zur Bew\u00e4ltigung des starken Eindrucks, den Landschaft und Wetter auf ihn aus\u00fcbten. Meine Beobachtung an konventionellen Landschaftsgem\u00e4lden hingegen: so viel Details. Hier aber suggerieren ein paar winzige Striche \u201aWei\u00df\u2019 Fassade, Fenster und Giebel zum Beispiel. Der Lernprozess passiert im Kopf, bei Maler und beim Betrachter. Dessen Leistung ist auch nicht unbedeutend \u2013 das sehe ich an mir selbst \u2013 denn er hat weder direkte Einsicht in den Landschaftseindruck des Malers noch in dessen \u201ahandwerklichen\u2019 Arbeitsprozess, wobei nicht einmal klar ist, was an erster Stelle steht.<\/p>\n<p>Es ist k\u00fcnstlerische Malerei, und dazu im Original. Karl entdeckt auch die r\u00e4umliche Tiefe und konkret den auf das zentrale Haus zulaufenden Weg.<\/p>\n<div id=\"attachment_14915\" class=\"wp-caption alignright\">\n<p><a href=\"http:\/\/detlev.von.graeve.org\/wp-content\/uploads\/2023\/05\/L-71_315x41-P.jpg\"><img loading=\"lazy\" decoding=\"async\" class=\"size-medium wp-image-14915\" src=\"http:\/\/detlev.von.graeve.org\/wp-content\/uploads\/2023\/05\/L-71_315x41-P-360x268.jpg\" sizes=\"auto, (max-width: 360px) 100vw, 360px\" srcset=\"http:\/\/detlev.von.graeve.org\/wp-content\/uploads\/2023\/05\/L-71_315x41-P-360x268.jpg 360w, http:\/\/detlev.von.graeve.org\/wp-content\/uploads\/2023\/05\/L-71_315x41-P-900x669.jpg 900w, http:\/\/detlev.von.graeve.org\/wp-content\/uploads\/2023\/05\/L-71_315x41-P-624x464.jpg 624w, http:\/\/detlev.von.graeve.org\/wp-content\/uploads\/2023\/05\/L-71_315x41-P.jpg 1100w\" alt=\"\" width=\"360\" height=\"268\" aria-describedby=\"caption-attachment-14915\" \/><\/a>L 71_31,5\u00d741 cm<\/p>\n<\/div>\n<p>Am \u201aDreigestirn\u2019 f\u00e4llt Karl auf, dass die Drei urspr\u00fcnglich die Farbe des Himmels hatten, dar\u00fcber gestrichenes Grau gab ihnen die K\u00f6rperlichkeit, dies teilen sie mit den Vorbergen, die sich buchst\u00e4blich erst mit den breiten dunkelgrauen Konturenstrichen verselbst\u00e4ndigten und davor schoben. Satte wei\u00dfe Striche geben den Dreien erst die typische Form und reflektieren die im Sonnenlicht glei\u00dfenden Schneefelder.<\/p>\n<p>Karl erz\u00e4hlt, welche M\u00fche er in der Schule mit dem Zeichnen hatte und neigt dazu, es auf den Lehrer zu schieben. Mir hat es Wiegmann in sieben Jahren Kunstunterricht am Gymnasium aber auch nicht beigebracht. Ist es mit den K\u00fcnsten wie mit der Mathematik ?<\/p>\n","protected":false},"excerpt":{"rendered":"<p>&nbsp; Ich komme gerade aus meinem Galeriekeller, wo ich wieder eine Mappe von Wiegmanns Landschaftsstudien aufgeschlagen habe, in ihren Passepartouts, auch wenn die nach \u00fcber f\u00fcnfzig Jahren nicht mehr untadelig sind. Ich ging mit den Augen und dann mit der kleinen Kamera wieder dicht heran und staunte \u00fcber die manchmal gro\u00dfz\u00fcgigen, dann wieder komplex geschichteten [&hellip;]<\/p>\n","protected":false},"author":1,"featured_media":0,"comment_status":"open","ping_status":"closed","sticky":false,"template":"","format":"standard","meta":{"footnotes":""},"categories":[271],"tags":[],"class_list":["post-15733","post","type-post","status-publish","format-standard","hentry","category-projekt-spaetwerk-landschaft"],"_links":{"self":[{"href":"http:\/\/detlev.von.graeve.org\/index.php?rest_route=\/wp\/v2\/posts\/15733","targetHints":{"allow":["GET"]}}],"collection":[{"href":"http:\/\/detlev.von.graeve.org\/index.php?rest_route=\/wp\/v2\/posts"}],"about":[{"href":"http:\/\/detlev.von.graeve.org\/index.php?rest_route=\/wp\/v2\/types\/post"}],"author":[{"embeddable":true,"href":"http:\/\/detlev.von.graeve.org\/index.php?rest_route=\/wp\/v2\/users\/1"}],"replies":[{"embeddable":true,"href":"http:\/\/detlev.von.graeve.org\/index.php?rest_route=%2Fwp%2Fv2%2Fcomments&post=15733"}],"version-history":[{"count":11,"href":"http:\/\/detlev.von.graeve.org\/index.php?rest_route=\/wp\/v2\/posts\/15733\/revisions"}],"predecessor-version":[{"id":16065,"href":"http:\/\/detlev.von.graeve.org\/index.php?rest_route=\/wp\/v2\/posts\/15733\/revisions\/16065"}],"wp:attachment":[{"href":"http:\/\/detlev.von.graeve.org\/index.php?rest_route=%2Fwp%2Fv2%2Fmedia&parent=15733"}],"wp:term":[{"taxonomy":"category","embeddable":true,"href":"http:\/\/detlev.von.graeve.org\/index.php?rest_route=%2Fwp%2Fv2%2Fcategories&post=15733"},{"taxonomy":"post_tag","embeddable":true,"href":"http:\/\/detlev.von.graeve.org\/index.php?rest_route=%2Fwp%2Fv2%2Ftags&post=15733"}],"curies":[{"name":"wp","href":"https:\/\/api.w.org\/{rel}","templated":true}]}}