{"id":15036,"date":"2024-03-24T16:00:26","date_gmt":"2024-03-24T15:00:26","guid":{"rendered":"http:\/\/detlev.von.graeve.org\/?p=15036"},"modified":"2024-03-28T00:30:53","modified_gmt":"2024-03-27T23:30:53","slug":"wiegmanns-chinesische-landschaften-ab-1936","status":"publish","type":"post","link":"http:\/\/detlev.von.graeve.org\/?p=15036","title":{"rendered":"Exil in Palma de Mallorca und  Peking. Vier Gem\u00e4lde, zwei Zeichnungen."},"content":{"rendered":"<h1 style=\"text-align: center;\">EXIL IN PALMA DE MALLORCA UND PEKING.<\/h1>\n<h2 style=\"text-align: center;\">Vier Gem\u00e4lde und zwei Zeichnungen<\/h2>\n<h2 style=\"text-align: center;\"><\/h2>\n<p>&nbsp;<\/p>\n<h3 style=\"text-align: center;\">PALMA DE MALLORCA\u00a0 &#8211; ALTSTADT VOM MEER HER (<span style=\"color: #ff0000;\">L52<\/span>)<\/h3>\n<div id=\"attachment_15067\" style=\"width: 635px\" class=\"wp-caption aligncenter\"><a href=\"http:\/\/detlev.von.graeve.org\/wp-content\/uploads\/2023\/10\/GI-L-52-Vedute-medit.-17.15.17-Kopie.jpg\"><img loading=\"lazy\" decoding=\"async\" aria-describedby=\"caption-attachment-15067\" class=\"size-large wp-image-15067 aligncenter\" src=\"http:\/\/detlev.von.graeve.org\/wp-content\/uploads\/2023\/10\/GI-L-52-Vedute-medit.-17.15.17-Kopie-900x636.jpg\" alt=\"\" width=\"625\" height=\"442\" srcset=\"http:\/\/detlev.von.graeve.org\/wp-content\/uploads\/2023\/10\/GI-L-52-Vedute-medit.-17.15.17-Kopie-900x636.jpg 900w, http:\/\/detlev.von.graeve.org\/wp-content\/uploads\/2023\/10\/GI-L-52-Vedute-medit.-17.15.17-Kopie-360x254.jpg 360w, http:\/\/detlev.von.graeve.org\/wp-content\/uploads\/2023\/10\/GI-L-52-Vedute-medit.-17.15.17-Kopie-624x441.jpg 624w, http:\/\/detlev.von.graeve.org\/wp-content\/uploads\/2023\/10\/GI-L-52-Vedute-medit.-17.15.17-Kopie.jpg 1100w\" sizes=\"auto, (max-width: 625px) 100vw, 625px\" \/><\/a><p id=\"caption-attachment-15067\" class=\"wp-caption-text\"><span style=\"color: #ff0000;\"><strong>L 52 \u00a0<\/strong><\/span>&#8218;Vedute mediterrane&#8216; <!--more--><\/p><\/div>\n<p>Zun\u00e4chst bin ich mir \u00fcber den Ort nicht sicher. Hauptverd\u00e4chtiges Thema, orientierendes Indiz ist die thronende Kathedrale mit den drei T\u00fcrmen. Nach Malstil, Format und\u00a0 Untergrund entstand es im Sommer 1970, als Wiegmann nach drei\u00dfig Jahren zum ersten Mal wieder nach &#8222;Mallorka&#8220; reiste,\u00a0 &#8222;in das sch\u00f6ne Haus von Freunden. Auf wie lange wei\u00df ich noch nicht. Als\u00a0 &#8222;Individualtourist&#8220; f\u00fchlte er sich vom boomenden Tourismus schlecht behandelt und abgesto\u00dfen. Am 27. September schrieb er: &#8222;&#8230; Die Sonne ist noch sehr stark, f\u00fcr mich nicht so gut. Hatte Gl\u00fcck, alte Freunde zu treffen. Habe aber wenig gearbeitet. Schon 5.10. fliege ich zur\u00fcck.&#8220; (Postkarte)<\/p>\n<p>Die Bildkomposition ist vermutlich nicht vor Ort entstanden. Eine Postkarte aus dem Nachlass Wiegmanns Besitz von der Seefront (vor 1936) Palmas kommt dem Bild n\u00e4her als die &#8218;modernen&#8216; Malereien im Netz, die ich hier verlinke: <a href=\"http:\/\/detlev.von.graeve.org\/wp-content\/uploads\/2023\/10\/4-Vergleichsbilder-zu-Wiegmann-L-52-Palma-de-Mallorca-Altstadt.pdf\">vier fremde Ansichten von der Altstadt.pdf<\/a><\/p>\n<div id=\"attachment_15702\" style=\"width: 635px\" class=\"wp-caption aligncenter\"><a href=\"http:\/\/detlev.von.graeve.org\/wp-content\/uploads\/2024\/03\/IMG_4793-Palma-de-Mallorca-vor-1936-BLOG.jpg\"><img loading=\"lazy\" decoding=\"async\" aria-describedby=\"caption-attachment-15702\" class=\"size-large wp-image-15702\" src=\"http:\/\/detlev.von.graeve.org\/wp-content\/uploads\/2024\/03\/IMG_4793-Palma-de-Mallorca-vor-1936-BLOG-900x600.jpg\" alt=\"\" width=\"625\" height=\"417\" srcset=\"http:\/\/detlev.von.graeve.org\/wp-content\/uploads\/2024\/03\/IMG_4793-Palma-de-Mallorca-vor-1936-BLOG-900x600.jpg 900w, http:\/\/detlev.von.graeve.org\/wp-content\/uploads\/2024\/03\/IMG_4793-Palma-de-Mallorca-vor-1936-BLOG-360x240.jpg 360w, http:\/\/detlev.von.graeve.org\/wp-content\/uploads\/2024\/03\/IMG_4793-Palma-de-Mallorca-vor-1936-BLOG-624x416.jpg 624w, http:\/\/detlev.von.graeve.org\/wp-content\/uploads\/2024\/03\/IMG_4793-Palma-de-Mallorca-vor-1936-BLOG.jpg 1100w\" sizes=\"auto, (max-width: 625px) 100vw, 625px\" \/><\/a><p id=\"caption-attachment-15702\" class=\"wp-caption-text\">Palma de Mallorca vor 1936<\/p><\/div>\n<p><strong><span style=\"color: #ff0000;\">Z 14\u00a0 <\/span><\/strong>Wiegmanns Bleistiftzeichnung von Genova blickt nach S\u00fcdwesten und zeigt Palma sowie die Silhouetten der Kathedrale und der Festung:<\/p>\n<div id=\"attachment_15068\" style=\"width: 635px\" class=\"wp-caption aligncenter\"><a href=\"http:\/\/detlev.von.graeve.org\/wp-content\/uploads\/2023\/10\/Z-14-Palma-de-Mallorca-falsche-Abb.-.jpg\"><img loading=\"lazy\" decoding=\"async\" aria-describedby=\"caption-attachment-15068\" class=\"size-large wp-image-15068\" src=\"http:\/\/detlev.von.graeve.org\/wp-content\/uploads\/2023\/10\/Z-14-Palma-de-Mallorca-falsche-Abb.--635x900.jpg\" alt=\"\" width=\"625\" height=\"886\" srcset=\"http:\/\/detlev.von.graeve.org\/wp-content\/uploads\/2023\/10\/Z-14-Palma-de-Mallorca-falsche-Abb.--635x900.jpg 635w, http:\/\/detlev.von.graeve.org\/wp-content\/uploads\/2023\/10\/Z-14-Palma-de-Mallorca-falsche-Abb.--254x360.jpg 254w, http:\/\/detlev.von.graeve.org\/wp-content\/uploads\/2023\/10\/Z-14-Palma-de-Mallorca-falsche-Abb.--624x884.jpg 624w, http:\/\/detlev.von.graeve.org\/wp-content\/uploads\/2023\/10\/Z-14-Palma-de-Mallorca-falsche-Abb.-.jpg 847w\" sizes=\"auto, (max-width: 625px) 100vw, 625px\" \/><\/a><p id=\"caption-attachment-15068\" class=\"wp-caption-text\"><span style=\"color: #ff0000;\"><strong>Z 14<\/strong> <\/span>-Blick nach S\u00fcdwesten auf Palma\u00a0\u00a0\u00a0\u00a0\u00a0\u00a0 (reserviert)<\/p><\/div>\n<p><strong><span style=\"color: #ff0000;\">Z 15\u00a0\u00a0<\/span><\/strong>Eine gr\u00f6\u00dfere und feine Zeichnung aus Genova, 1934 datiert und einer mir unbekannten Bekanntschaft &#8222;Misoschka&#8220; zugeeignet.\u00a0 Meine Frage: Was ist passiert, dass das herrliche Blatt in der Nachlass-Mappe landete?<\/p>\n<div id=\"attachment_15689\" style=\"width: 635px\" class=\"wp-caption aligncenter\"><a href=\"http:\/\/detlev.von.graeve.org\/wp-content\/uploads\/2023\/10\/Z-15-Palma-Widmung-1934-IMG_7075.jpg\"><img loading=\"lazy\" decoding=\"async\" aria-describedby=\"caption-attachment-15689\" class=\"size-large wp-image-15689\" src=\"http:\/\/detlev.von.graeve.org\/wp-content\/uploads\/2023\/10\/Z-15-Palma-Widmung-1934-IMG_7075-900x589.jpg\" alt=\"\" width=\"625\" height=\"409\" srcset=\"http:\/\/detlev.von.graeve.org\/wp-content\/uploads\/2023\/10\/Z-15-Palma-Widmung-1934-IMG_7075-900x589.jpg 900w, http:\/\/detlev.von.graeve.org\/wp-content\/uploads\/2023\/10\/Z-15-Palma-Widmung-1934-IMG_7075-360x236.jpg 360w, http:\/\/detlev.von.graeve.org\/wp-content\/uploads\/2023\/10\/Z-15-Palma-Widmung-1934-IMG_7075-624x408.jpg 624w, http:\/\/detlev.von.graeve.org\/wp-content\/uploads\/2023\/10\/Z-15-Palma-Widmung-1934-IMG_7075.jpg 1200w\" sizes=\"auto, (max-width: 625px) 100vw, 625px\" \/><\/a><p id=\"caption-attachment-15689\" class=\"wp-caption-text\"><strong><span style=\"color: #ff0000;\">Z 15<\/span><\/strong> Blick auf Palma mit Widmung 1934\u00a0\u00a0\u00a0\u00a0\u00a0\u00a0\u00a0\u00a0\u00a0\u00a0\u00a0 (reserviert)<\/p><\/div>\n<p>Die folgende\u00a0 <strong>\u00d6lstudie einer Abendlandschaft<\/strong> <strong><span style=\"color: #ff0000;\">L 38 <\/span><\/strong>k\u00f6nnte die das weite Tal nordwestlich von Palma darstellen, nicht weit von seinem ehemaligen Wohnsitz in der Ortschaft Genova, und beim Besuch 1970 entstanden sein.<\/p>\n<div id=\"attachment_15668\" style=\"width: 635px\" class=\"wp-caption aligncenter\"><a href=\"http:\/\/detlev.von.graeve.org\/wp-content\/uploads\/2023\/10\/L-38_30x40-K.jpg\"><img loading=\"lazy\" decoding=\"async\" aria-describedby=\"caption-attachment-15668\" class=\"size-large wp-image-15668\" src=\"http:\/\/detlev.von.graeve.org\/wp-content\/uploads\/2023\/10\/L-38_30x40-K-900x668.jpg\" alt=\"\" width=\"625\" height=\"464\" srcset=\"http:\/\/detlev.von.graeve.org\/wp-content\/uploads\/2023\/10\/L-38_30x40-K-900x668.jpg 900w, http:\/\/detlev.von.graeve.org\/wp-content\/uploads\/2023\/10\/L-38_30x40-K-360x267.jpg 360w, http:\/\/detlev.von.graeve.org\/wp-content\/uploads\/2023\/10\/L-38_30x40-K-624x463.jpg 624w, http:\/\/detlev.von.graeve.org\/wp-content\/uploads\/2023\/10\/L-38_30x40-K.jpg 1100w\" sizes=\"auto, (max-width: 625px) 100vw, 625px\" \/><\/a><p id=\"caption-attachment-15668\" class=\"wp-caption-text\"><strong><span style=\"color: #ff0000;\">L 38<\/span><\/strong>_30x40-Karton<\/p><\/div>\n<p><a href=\"http:\/\/detlev.von.graeve.org\/wp-content\/uploads\/2023\/10\/Bildschirmfoto-2023-01-05-um-22.50.26.png\"><img loading=\"lazy\" decoding=\"async\" class=\"size-large wp-image-15670\" src=\"http:\/\/detlev.von.graeve.org\/wp-content\/uploads\/2023\/10\/Bildschirmfoto-2023-01-05-um-22.50.26-900x344.png\" alt=\"\" width=\"625\" height=\"239\" srcset=\"http:\/\/detlev.von.graeve.org\/wp-content\/uploads\/2023\/10\/Bildschirmfoto-2023-01-05-um-22.50.26-900x344.png 900w, http:\/\/detlev.von.graeve.org\/wp-content\/uploads\/2023\/10\/Bildschirmfoto-2023-01-05-um-22.50.26-360x137.png 360w, http:\/\/detlev.von.graeve.org\/wp-content\/uploads\/2023\/10\/Bildschirmfoto-2023-01-05-um-22.50.26-624x238.png 624w, http:\/\/detlev.von.graeve.org\/wp-content\/uploads\/2023\/10\/Bildschirmfoto-2023-01-05-um-22.50.26.png 1176w\" sizes=\"auto, (max-width: 625px) 100vw, 625px\" \/><\/a><\/p>\n<p><strong><span style=\"color: #ff0000;\">Sie erinnert mich aber auch stark an die Reproduktion einer Landschaft von Claude Lorrain (1600-1688) in Wiegmanns Nachlass<\/span><\/strong><\/p>\n<h2><\/h2>\n<p>&nbsp;<\/p>\n<p>&nbsp;<\/p>\n<p>&nbsp;<\/p>\n<p>&nbsp;<\/p>\n<h2 style=\"text-align: center;\">NORDCHINA , PEKING<\/h2>\n<div id=\"attachment_15672\" style=\"width: 394px\" class=\"wp-caption aligncenter\"><a href=\"http:\/\/detlev.von.graeve.org\/wp-content\/uploads\/2023\/10\/H.Hammer-Westberge-Winter-15x145Bild.jpg\"><img loading=\"lazy\" decoding=\"async\" aria-describedby=\"caption-attachment-15672\" class=\"wp-image-15672\" src=\"http:\/\/detlev.von.graeve.org\/wp-content\/uploads\/2023\/10\/H.Hammer-Westberge-Winter-15x145Bild-865x900.jpg\" alt=\"\" width=\"384\" height=\"400\" srcset=\"http:\/\/detlev.von.graeve.org\/wp-content\/uploads\/2023\/10\/H.Hammer-Westberge-Winter-15x145Bild-865x900.jpg 865w, http:\/\/detlev.von.graeve.org\/wp-content\/uploads\/2023\/10\/H.Hammer-Westberge-Winter-15x145Bild-346x360.jpg 346w, http:\/\/detlev.von.graeve.org\/wp-content\/uploads\/2023\/10\/H.Hammer-Westberge-Winter-15x145Bild-624x649.jpg 624w, http:\/\/detlev.von.graeve.org\/wp-content\/uploads\/2023\/10\/H.Hammer-Westberge-Winter-15x145Bild.jpg 1057w\" sizes=\"auto, (max-width: 384px) 100vw, 384px\" \/><\/a><p id=\"caption-attachment-15672\" class=\"wp-caption-text\">Hedda Hammer Westberge Winter 15&#215;14,5cm\u00a0 1936\u00a0 c Privatsammlung<\/p><\/div>\n<p>Wie erw\u00e4hnt, hatte Wiegmann w\u00e4hrend seines Aufenthalt 1936 im Dienst des franz\u00f6sischen Diplomaten und Sammlers Dubosc keine Chance, die Stadt Peking (damals Peiping) zu verlassen, von konventionellen Ausfl\u00fcgen mit dem Fotoapparat vor die Stadtmauern abgesehen. Die Fotografien von Hedda Hammer verschafften ihm starke Eindr\u00fccke und er bekam traditionelle Tuschmalereien im \u00dcberfluss zu sehen. Ein Blick in seine Werkausstellung in der Nationalbibliothek spricht f\u00fcr sich. Und ein Besucher \u00fcbte im G\u00e4stebuch sogar Kritik an Wiegmanns engem Aktionsradius.<a href=\"http:\/\/detlev.von.graeve.org\/wp-content\/uploads\/2023\/10\/chin.Landschaft-IMG_20231016_0001-256kb.jpg\"><img loading=\"lazy\" decoding=\"async\" class=\"aligncenter size-large wp-image-15669\" src=\"http:\/\/detlev.von.graeve.org\/wp-content\/uploads\/2023\/10\/chin.Landschaft-IMG_20231016_0001-256kb-900x697.jpg\" alt=\"\" width=\"625\" height=\"484\" srcset=\"http:\/\/detlev.von.graeve.org\/wp-content\/uploads\/2023\/10\/chin.Landschaft-IMG_20231016_0001-256kb-900x697.jpg 900w, http:\/\/detlev.von.graeve.org\/wp-content\/uploads\/2023\/10\/chin.Landschaft-IMG_20231016_0001-256kb-360x279.jpg 360w, http:\/\/detlev.von.graeve.org\/wp-content\/uploads\/2023\/10\/chin.Landschaft-IMG_20231016_0001-256kb-624x483.jpg 624w, http:\/\/detlev.von.graeve.org\/wp-content\/uploads\/2023\/10\/chin.Landschaft-IMG_20231016_0001-256kb.jpg 1100w\" sizes=\"auto, (max-width: 625px) 100vw, 625px\" \/><\/a> Zwei chinesische Geh\u00f6fte vor ebener Wasserlandschaft und Pagode in der Ferne, Ich besitze davon noch ein <strong>sepiabraunes Repro auf festen Karton aufgezogen: 34,5 x 41 cm<\/strong>. Hier reproduziere ich eine beschriftete undatierte Fotografie vor einer mit Sackleinen bespannten Wand:<\/p>\n<p>Das Bild war f\u00fcr mich immer eine Ikone; ob ich einmal eine Fassung in \u00d6l farbig gesehen habe? Solche Geh\u00f6fte umgeben von gelber Erde sah ich vom Zug aus 1973 in Richtung innerer Mongolei.<\/p>\n<p>In meiner Bilderinnerung mischen sich zweifellos damit Eindr\u00fccke von Luftaufnahmen des Verkehrspiloten Grafen Castell aus seiner Ju52, von denen Wiegmann sp\u00e4testens nach R\u00fcckkehr Kenntnis erhielt &#8211; in Atlantis oder Buch, 1948 hat er daraus f\u00fcr seinen Vortrag in Hof Dias gezogen. Mir gezeigt.<\/p>\n<div class=\"page\" title=\"Page 3\">\n<div class=\"layoutArea\">\n<div class=\"column\">\n<p>&nbsp;<\/p>\n<h3 style=\"text-align: center;\"><span style=\"color: #ff0000;\"><strong>L6<\/strong><\/span>\u00a0 <strong>CHINESISCHE LANDSCHAFT MIT KLOSTER<\/strong><\/h3>\n<div id=\"attachment_15673\" style=\"width: 635px\" class=\"wp-caption aligncenter\"><a href=\"http:\/\/detlev.von.graeve.org\/wp-content\/uploads\/2023\/10\/L-6-Pagode-54x93-Keil-.jpg\"><img loading=\"lazy\" decoding=\"async\" aria-describedby=\"caption-attachment-15673\" class=\"size-large wp-image-15673\" src=\"http:\/\/detlev.von.graeve.org\/wp-content\/uploads\/2023\/10\/L-6-Pagode-54x93-Keil--900x526.jpg\" alt=\"\" width=\"625\" height=\"365\" srcset=\"http:\/\/detlev.von.graeve.org\/wp-content\/uploads\/2023\/10\/L-6-Pagode-54x93-Keil--900x526.jpg 900w, http:\/\/detlev.von.graeve.org\/wp-content\/uploads\/2023\/10\/L-6-Pagode-54x93-Keil--360x210.jpg 360w, http:\/\/detlev.von.graeve.org\/wp-content\/uploads\/2023\/10\/L-6-Pagode-54x93-Keil--624x365.jpg 624w, http:\/\/detlev.von.graeve.org\/wp-content\/uploads\/2023\/10\/L-6-Pagode-54x93-Keil-.jpg 1200w\" sizes=\"auto, (max-width: 625px) 100vw, 625px\" \/><\/a><p id=\"caption-attachment-15673\" class=\"wp-caption-text\"><strong><span style=\"color: #ff0000;\">L 6<\/span> <\/strong>Pagode 54&#215;93 Ln. auf Keilrahmen N\u00e4gel angerostet, Ecken leicht abgesto\u00dfen &#8211; (ab) 1936 Nachlass-Stempel,<\/p><\/div>\n<p>Angeschnittener Laubbaum links und ein schon unheimlicher kubistisch verfremdeter Stamm- Ausschnitt rechts bieten einen Durchblick auf einen grauen Geba\u0308udekomplex mit geschwungenen Da\u0308chern und sechsstufiger Pagode, die als Einzelelement relativ zuru\u0308ckgenommen ist. Die Ru\u0308ckfront zum Wassergraben ist heller, aus dem Bild nicht zu deuten! Dieser Teil ist gro\u00dfenteils von ockerbrauner Erde umgeben. Gelbe Erde. Links eine u\u0308bermannshohe Reihe Gaoliang? Oder ein Zaum aus Stecken wie auf dem Dorfbild? (unten, nur in zwei schwarzwei\u00dfen Repros vorhanden). Vorn rechts sind zwei Reihen einer u\u0308berdachten Galerie oder zwei schmale hochstehende Felder zu sehen.<br \/>\nBesonders interessant ist der gebirgige Hintergrund voller angedeuteter Dreiecke, der sich u\u0308ber zwei, drei Gebirgsketten in den ebenso kubistisch aufgefassten Himmel fortsetzt. Ein breites vernebeltes Lichtbu\u0308ndel kommt dem pra\u0308gnantesten Gipfel von oben entgegen. Wie eine Vision oder Projektion.<\/p>\n<div id=\"attachment_15676\" style=\"width: 635px\" class=\"wp-caption aligncenter\"><a href=\"http:\/\/detlev.von.graeve.org\/wp-content\/uploads\/2023\/10\/Bildschirmfoto-2024-03-24-um-13.15.46.png\"><img loading=\"lazy\" decoding=\"async\" aria-describedby=\"caption-attachment-15676\" class=\"size-large wp-image-15676\" src=\"http:\/\/detlev.von.graeve.org\/wp-content\/uploads\/2023\/10\/Bildschirmfoto-2024-03-24-um-13.15.46-900x347.png\" alt=\"\" width=\"625\" height=\"241\" srcset=\"http:\/\/detlev.von.graeve.org\/wp-content\/uploads\/2023\/10\/Bildschirmfoto-2024-03-24-um-13.15.46-900x347.png 900w, http:\/\/detlev.von.graeve.org\/wp-content\/uploads\/2023\/10\/Bildschirmfoto-2024-03-24-um-13.15.46-360x139.png 360w, http:\/\/detlev.von.graeve.org\/wp-content\/uploads\/2023\/10\/Bildschirmfoto-2024-03-24-um-13.15.46-1536x591.png 1536w, http:\/\/detlev.von.graeve.org\/wp-content\/uploads\/2023\/10\/Bildschirmfoto-2024-03-24-um-13.15.46-624x240.png 624w, http:\/\/detlev.von.graeve.org\/wp-content\/uploads\/2023\/10\/Bildschirmfoto-2024-03-24-um-13.15.46.png 1548w\" sizes=\"auto, (max-width: 625px) 100vw, 625px\" \/><\/a><p id=\"caption-attachment-15676\" class=\"wp-caption-text\"><strong><span style=\"color: #ff0000;\">Fotorepro. einer Variante<\/span><\/strong> der Westberge im Nachlass; Malerei auf Glas? 1936 (Foto im ISG)<\/p><\/div>\n<\/div>\n<\/div>\n<\/div>\n<p>&nbsp;<\/p>\n<div class=\"page\" title=\"Page 3\">\n<div class=\"layoutArea\">\n<div class=\"column\">\n<div id=\"attachment_15674\" style=\"width: 430px\" class=\"wp-caption alignright\"><a href=\"http:\/\/detlev.von.graeve.org\/wp-content\/uploads\/2023\/10\/L-55_28x445-P.jpg\"><img loading=\"lazy\" decoding=\"async\" aria-describedby=\"caption-attachment-15674\" class=\"wp-image-15674\" src=\"http:\/\/detlev.von.graeve.org\/wp-content\/uploads\/2023\/10\/L-55_28x445-P-360x236.jpg\" alt=\"\" width=\"420\" height=\"276\" srcset=\"http:\/\/detlev.von.graeve.org\/wp-content\/uploads\/2023\/10\/L-55_28x445-P-360x236.jpg 360w, http:\/\/detlev.von.graeve.org\/wp-content\/uploads\/2023\/10\/L-55_28x445-P-900x591.jpg 900w, http:\/\/detlev.von.graeve.org\/wp-content\/uploads\/2023\/10\/L-55_28x445-P-624x410.jpg 624w, http:\/\/detlev.von.graeve.org\/wp-content\/uploads\/2023\/10\/L-55_28x445-P.jpg 1200w\" sizes=\"auto, (max-width: 420px) 100vw, 420px\" \/><\/a><p id=\"caption-attachment-15674\" class=\"wp-caption-text\"><span style=\"color: #ff0000;\"><strong>L 55<\/strong><\/span>_\u00a0 28&#215;44,5 cm &#8211; zum Vergleich mitte der 1960er Jahre<\/p><\/div>\n<div id=\"attachment_15677\" style=\"width: 180px\" class=\"wp-caption alignleft\"><a href=\"http:\/\/detlev.von.graeve.org\/wp-content\/uploads\/2023\/10\/Bildschirmfoto-2024-03-24-um-13.18.25.png\"><img loading=\"lazy\" decoding=\"async\" aria-describedby=\"caption-attachment-15677\" class=\"size-thumbnail wp-image-15677\" src=\"http:\/\/detlev.von.graeve.org\/wp-content\/uploads\/2023\/10\/Bildschirmfoto-2024-03-24-um-13.18.25-170x150.png\" alt=\"\" width=\"170\" height=\"150\" \/><\/a><p id=\"caption-attachment-15677\" class=\"wp-caption-text\"><span style=\"color: #ff0000;\">Hedda Hammer<\/span>: Felsformationen 1935 (aus dem Buch)\u00a0 ANKLICKEN!<\/p><\/div>\n<p>&nbsp;<\/p>\n<p>&nbsp;<\/p>\n<p>&nbsp;<\/p>\n<p>&nbsp;<\/p>\n<p>&nbsp;<\/p>\n<p>&nbsp;<\/p>\n<h6 style=\"text-align: center;\">.An diese Bilder erinnern Beatenberger Blicke u\u0308ber den Thunersee aus den Sechziger Jahren (Lichtstrahlen), gerade die fru\u0308heren in Richtung auf die Viertausender (&#8222;Dreigestirn&#8220;- auf L 36 (1965), L 43 und L 40 (<a href=\"http:\/\/detlev.von.graeve.org\/?p=15618\" target=\"_blank\" rel=\"noopener\">LINK<\/a>), besonders aber <span style=\"color: #ff0000;\"><strong>L 55<\/strong><\/span>.<\/h6>\n<p>&nbsp;<\/p>\n<\/div>\n<\/div>\n<\/div>\n<h3 style=\"text-align: center;\"><span style=\"color: #ff0000;\">L 5<\/span>\u00a0 &#8211; Der Bei Hai Park in Peking<\/h3>\n<div id=\"attachment_15681\" style=\"width: 635px\" class=\"wp-caption aligncenter\"><a href=\"http:\/\/detlev.von.graeve.org\/wp-content\/uploads\/2023\/10\/L-5-Beihai-79x86-Keil-.jpg\"><img loading=\"lazy\" decoding=\"async\" aria-describedby=\"caption-attachment-15681\" class=\"size-large wp-image-15681\" src=\"http:\/\/detlev.von.graeve.org\/wp-content\/uploads\/2023\/10\/L-5-Beihai-79x86-Keil--900x825.jpg\" alt=\"\" width=\"625\" height=\"573\" srcset=\"http:\/\/detlev.von.graeve.org\/wp-content\/uploads\/2023\/10\/L-5-Beihai-79x86-Keil--900x825.jpg 900w, http:\/\/detlev.von.graeve.org\/wp-content\/uploads\/2023\/10\/L-5-Beihai-79x86-Keil--360x330.jpg 360w, http:\/\/detlev.von.graeve.org\/wp-content\/uploads\/2023\/10\/L-5-Beihai-79x86-Keil--624x572.jpg 624w, http:\/\/detlev.von.graeve.org\/wp-content\/uploads\/2023\/10\/L-5-Beihai-79x86-Keil-.jpg 1100w\" sizes=\"auto, (max-width: 625px) 100vw, 625px\" \/><\/a><p id=\"caption-attachment-15681\" class=\"wp-caption-text\"><span style=\"color: #ff0000;\">L 5<\/span> Beihai 79x86cm auf Keilrahmen undatiert 1936<\/p><\/div>\n<div id=\"attachment_15682\" style=\"width: 370px\" class=\"wp-caption alignleft\"><a href=\"http:\/\/detlev.von.graeve.org\/wp-content\/uploads\/2023\/10\/Bildschirmfoto-2024-03-24-um-14.26.12.png\"><img loading=\"lazy\" decoding=\"async\" aria-describedby=\"caption-attachment-15682\" class=\"size-medium wp-image-15682\" src=\"http:\/\/detlev.von.graeve.org\/wp-content\/uploads\/2023\/10\/Bildschirmfoto-2024-03-24-um-14.26.12-360x346.png\" alt=\"\" width=\"360\" height=\"346\" srcset=\"http:\/\/detlev.von.graeve.org\/wp-content\/uploads\/2023\/10\/Bildschirmfoto-2024-03-24-um-14.26.12-360x346.png 360w, http:\/\/detlev.von.graeve.org\/wp-content\/uploads\/2023\/10\/Bildschirmfoto-2024-03-24-um-14.26.12-624x600.png 624w, http:\/\/detlev.von.graeve.org\/wp-content\/uploads\/2023\/10\/Bildschirmfoto-2024-03-24-um-14.26.12.png 678w\" sizes=\"auto, (max-width: 360px) 100vw, 360px\" \/><\/a><p id=\"caption-attachment-15682\" class=\"wp-caption-text\"><span style=\"color: #ff0000;\">Dasselbe Bild im Rahmen<\/span> Austellung 1949 auf Foto (Wiegmann) jetzt ISG)<\/p><\/div>\n<div id=\"attachment_15683\" style=\"width: 370px\" class=\"wp-caption alignleft\"><a href=\"http:\/\/detlev.von.graeve.org\/wp-content\/uploads\/2023\/10\/Bildschirmfoto-2024-03-24-um-14.30.15.png\"><img loading=\"lazy\" decoding=\"async\" aria-describedby=\"caption-attachment-15683\" class=\"size-medium wp-image-15683\" src=\"http:\/\/detlev.von.graeve.org\/wp-content\/uploads\/2023\/10\/Bildschirmfoto-2024-03-24-um-14.30.15-360x278.png\" alt=\"\" width=\"360\" height=\"278\" srcset=\"http:\/\/detlev.von.graeve.org\/wp-content\/uploads\/2023\/10\/Bildschirmfoto-2024-03-24-um-14.30.15-360x278.png 360w, http:\/\/detlev.von.graeve.org\/wp-content\/uploads\/2023\/10\/Bildschirmfoto-2024-03-24-um-14.30.15-900x696.png 900w, http:\/\/detlev.von.graeve.org\/wp-content\/uploads\/2023\/10\/Bildschirmfoto-2024-03-24-um-14.30.15-624x482.png 624w, http:\/\/detlev.von.graeve.org\/wp-content\/uploads\/2023\/10\/Bildschirmfoto-2024-03-24-um-14.30.15.png 1058w\" sizes=\"auto, (max-width: 360px) 100vw, 360px\" \/><\/a><p id=\"caption-attachment-15683\" class=\"wp-caption-text\"><span style=\"color: #ff0000;\">Andere Fassung<\/span> . Foto von Wiegmann aufgeklebt und beschriftet<\/p><\/div>\n<p>Kr\u00e4ftige Farben, ein breiter und fetter die Fl\u00e4chen effektiv f\u00fcllender Strich. Der Blickfang der tibetischen Tschorte und die wei\u00dfe Marmorbr\u00fccke leuchten wei\u00df. Das d\u00fcnne schr\u00e4ge B\u00e4umchen<br \/>\nsorgt kompositorisch f\u00fcr Ausgleich.<br \/>\nDer Pavillon mit geschwungenem Dach hat die Farbe tiefroten chinesischen Lacks. im Gegensatz zu herbstlichen B\u00e4umen auf der rechten Seite und gr\u00fcnem hohen Bambus\u00a0 links .<br \/>\nDie Bildelemente erscheinen stark zusammengeschoben. Es ist eng im Bildquadrat. Ein Blickfang in einer Ausstellung.<\/p>\n<p>&nbsp;<\/p>\n<p>&nbsp;<\/p>\n<div id=\"attachment_15685\" style=\"width: 180px\" class=\"wp-caption alignright\"><a href=\"http:\/\/detlev.von.graeve.org\/wp-content\/uploads\/2023\/10\/Bildschirmfoto-2024-03-24-um-14.42.18.png\"><img loading=\"lazy\" decoding=\"async\" aria-describedby=\"caption-attachment-15685\" class=\"size-thumbnail wp-image-15685\" src=\"http:\/\/detlev.von.graeve.org\/wp-content\/uploads\/2023\/10\/Bildschirmfoto-2024-03-24-um-14.42.18-170x150.png\" alt=\"\" width=\"170\" height=\"150\" \/><\/a><p id=\"caption-attachment-15685\" class=\"wp-caption-text\">Der k\u00fcnstliche See ist zugefroren. <span style=\"color: #ff0000;\">F.Wiegmann 1936<\/span><\/p><\/div>\n<p>&nbsp;<\/p>\n<p>&nbsp;<\/p>\n<p>&nbsp;<\/p>\n<p>&nbsp;<\/p>\n<p>&nbsp;<\/p>\n<h6 style=\"text-align: center;\"><a href=\"http:\/\/detlev.von.graeve.org\/wp-content\/uploads\/2023\/10\/Bildschirmfoto-2024-03-24-um-14.47.45.png\"><img loading=\"lazy\" decoding=\"async\" class=\"aligncenter size-large wp-image-15686\" src=\"http:\/\/detlev.von.graeve.org\/wp-content\/uploads\/2023\/10\/Bildschirmfoto-2024-03-24-um-14.47.45-900x511.png\" alt=\"\" width=\"625\" height=\"355\" srcset=\"http:\/\/detlev.von.graeve.org\/wp-content\/uploads\/2023\/10\/Bildschirmfoto-2024-03-24-um-14.47.45-900x511.png 900w, http:\/\/detlev.von.graeve.org\/wp-content\/uploads\/2023\/10\/Bildschirmfoto-2024-03-24-um-14.47.45-360x204.png 360w, http:\/\/detlev.von.graeve.org\/wp-content\/uploads\/2023\/10\/Bildschirmfoto-2024-03-24-um-14.47.45-1536x871.png 1536w, http:\/\/detlev.von.graeve.org\/wp-content\/uploads\/2023\/10\/Bildschirmfoto-2024-03-24-um-14.47.45-624x354.png 624w, http:\/\/detlev.von.graeve.org\/wp-content\/uploads\/2023\/10\/Bildschirmfoto-2024-03-24-um-14.47.45.png 2038w\" sizes=\"auto, (max-width: 625px) 100vw, 625px\" \/><\/a>*<\/h6>\n<p>&nbsp;<\/p>\n","protected":false},"excerpt":{"rendered":"<p>EXIL IN PALMA DE MALLORCA UND PEKING. Vier Gem\u00e4lde und zwei Zeichnungen &nbsp; PALMA DE MALLORCA\u00a0 &#8211; ALTSTADT VOM MEER HER (L52) L 52 \u00a0&#8218;Vedute mediterrane&#8216;<\/p>\n","protected":false},"author":1,"featured_media":0,"comment_status":"open","ping_status":"closed","sticky":false,"template":"","format":"status","meta":{"footnotes":""},"categories":[272,202],"tags":[],"class_list":["post-15036","post","type-post","status-publish","format-status","hentry","category-kuenstler-in-der-nachkriegszeit","category-maler-fritz-wiegmann","post_format-post-format-status"],"_links":{"self":[{"href":"http:\/\/detlev.von.graeve.org\/index.php?rest_route=\/wp\/v2\/posts\/15036","targetHints":{"allow":["GET"]}}],"collection":[{"href":"http:\/\/detlev.von.graeve.org\/index.php?rest_route=\/wp\/v2\/posts"}],"about":[{"href":"http:\/\/detlev.von.graeve.org\/index.php?rest_route=\/wp\/v2\/types\/post"}],"author":[{"embeddable":true,"href":"http:\/\/detlev.von.graeve.org\/index.php?rest_route=\/wp\/v2\/users\/1"}],"replies":[{"embeddable":true,"href":"http:\/\/detlev.von.graeve.org\/index.php?rest_route=%2Fwp%2Fv2%2Fcomments&post=15036"}],"version-history":[{"count":23,"href":"http:\/\/detlev.von.graeve.org\/index.php?rest_route=\/wp\/v2\/posts\/15036\/revisions"}],"predecessor-version":[{"id":15703,"href":"http:\/\/detlev.von.graeve.org\/index.php?rest_route=\/wp\/v2\/posts\/15036\/revisions\/15703"}],"wp:attachment":[{"href":"http:\/\/detlev.von.graeve.org\/index.php?rest_route=%2Fwp%2Fv2%2Fmedia&parent=15036"}],"wp:term":[{"taxonomy":"category","embeddable":true,"href":"http:\/\/detlev.von.graeve.org\/index.php?rest_route=%2Fwp%2Fv2%2Fcategories&post=15036"},{"taxonomy":"post_tag","embeddable":true,"href":"http:\/\/detlev.von.graeve.org\/index.php?rest_route=%2Fwp%2Fv2%2Ftags&post=15036"}],"curies":[{"name":"wp","href":"https:\/\/api.w.org\/{rel}","templated":true}]}}