{"id":13866,"date":"2022-05-11T23:35:48","date_gmt":"2022-05-11T21:35:48","guid":{"rendered":"http:\/\/detlev.von.graeve.org\/?p=13866"},"modified":"2022-08-29T01:00:04","modified_gmt":"2022-08-28T23:00:04","slug":"die-verfuehrerische-petite-messe-solennelle-von-gioachino-rossini-1792-1868-auf-dem-hintergrund-des-romans-unterwerfung-houellebecq","status":"publish","type":"post","link":"http:\/\/detlev.von.graeve.org\/?p=13866","title":{"rendered":"Die \u201ePetite Messe Solennelle\u201c von Rossini  verf\u00fchrt zur \u201eUnterwerfung\u201c"},"content":{"rendered":"<p>Der Hochschulchor der HfMDK f\u00fchrt am 26.1.2022 in der lutherischen Wartburgkirche in Frankfurt \u201ePetite Messe Solennelle\u201c von Gioachino Rossini (1792-1868) auf. Und in meinem Kopf rumoren das Motiv \u201eUnterwerfung\u201c von Houellebecq und der Name &#8222;Puccini&#8220;. Was f\u00fcr ein Mangel an Bildung!<\/p>\n<p>Im Faltblatt druckt man den Text Latein und Deutsch. Das wie in Stein gemei\u00dfelte Kirchenlatein erscheint zun\u00e4chst irritierend kurz, bevor man darin die Vorlage f\u00fcr einen ausgiebigen Belcanto erkennt, in der Oper gew\u00f6hnlich als \u00dcbertitel projiziert.<\/p>\n<p><!--more--><\/p>\n<p style=\"text-align: center;\">(Der Text wird unten angeh\u00e4ngt)<\/p>\n<p>Ich phantasiere eine Auftragsarbeit f\u00fcr den Vatikan, meinetwegen in einer sp\u00e4teren Bearbeitung f\u00fcr zwei Klavier,\u00a0 Harmonium und 50 Personen starkem Chor. Ausgehend von einer dummen Verwechslung\u00a0 des Komponisten \u201eRossini\u201c mit \u201ePuccini\u201c versetze ich die Entstehung in die Reichweite der triumphalistischen Unfehlbarkeitslehre des damaligen Papstes. Herrschaftsmusik! Doch keine gregorianisch spr\u00f6de Spiritualit\u00e4t, sondern knackiger Barock zwischen Zurbaran\u2019schen Tr\u00e4nen und den Hollywoodparties einer\u00a0 Himmelsnoblesse mit satten Pobacken.<\/p>\n<p>Neunzig Minuten \u00dcberw\u00e4ltigung mittels aller Register der Musik mit der un\u00fcberbietbar redundanten Botschaft der begeisterten Unterwerfung unter den Dominus Deus, Herrn und Gott.<\/p>\n<p>Ein schmetternder Tenor feiert dramatisch seine starke, entschlossene, mannhafte Unterwerfung unter den Altissimus, den Allerh\u00f6chsten. Unbeschreiblich s\u00fc\u00dfe weibliche Klageges\u00e4nge erklingen in getragenem Ton, der gro\u00dfe Chor verk\u00f6rpert das benebelte Kirchenvolk. Unerm\u00fcdlich wird das Konzert angetrieben von stampfenden oder h\u00fcpfenden Rhythmen der zwei <em>Steinways<\/em> und von dem veritable Orgelkl\u00e4nge produzierenden Harmonium. Die Zuh\u00f6rer m\u00f6gen den Originaltext nicht verstanden haben, aber wurden gewiss hinweggesp\u00fclt von den Wogen s\u00fcchtig machender Musik. Meine Aufnahmef\u00e4higkeit als moderner Zeuge erm\u00fcdet, aber ich w\u00fcnsche doch, es m\u00f6ge nie aufh\u00f6ren.<\/p>\n<p>Verwendung findet ausgefuchste Opernmusik &#8211; einmal selbst mit Jacques-Offenbach\u2019schen Wendungen in der Begleitung. Die &#8222;kleine Messe&#8220; irritiert als \u201edramatische Oper\u201c ohne Drama, bietet nicht mehr als formelhaft verknappte Andeutung und endlos wiederholte Anrufung. Das musikalische \u201aKleid\u2019 passt einfach nicht.<\/p>\n<p>Geradezu <em>gottesl\u00e4sterlich <\/em>erscheint der kritische Moment der Station <em>L\u2019Offertoire<\/em> in der Hl. Messe\u00a0 &#8211; diskret \u00fcbertragen als \u201eOffertorium\u201c. Im Duden- Fremdw\u00f6rterlexikon erfahre ich sp\u00e4ter: \u201e<em>Darbringung von Brot und Wein mit den dazugeh\u00f6rigen Messgebeten, die deren Konsekration<\/em> (Heiligung, Wandlung) <em>vorbereiten<\/em>\u201c. Die im Konzert logischerweise leere Zeit wird zu einem <em>Pr\u00e9lude R\u00e9ligieux<\/em>, einem instrumentellen Potpourri genutzt: Machtvoller Glockenklang, intime Trauermusik und das \u00fcbliche Orgelzwischenspiel auf dem Harmonium, mit einem Anklang an <em>Valse Musette<\/em> und einer Ahnung von <em>Libertango<\/em> (Piazzolla).<\/p>\n<p>Im 21. Jahrhundert scheint alles und jedes zu Kunst, zu Kulturerbe zu werden.<\/p>\n<p>Aber war es das nicht bereits im 19. Jahrhundert?<\/p>\n<p>&nbsp;<\/p>\n<p style=\"text-align: center;\">Wie ist die \u201e Kleine feierliche Messe\u201c wirklich entstanden?<\/p>\n<p>Der Paris Operjungstar Rossini \u00fcbernahm im Alter und drei\u00dfig Jahre nach seiner letzten Oper den Auftrag der f\u00fcr ihre Salons bekannten Gattin eines franz\u00f6sischen Bankiers und Mitglieds der <em>Banque de France<\/em>. Er sollte f\u00fcr die Einweihung ihrer neuen Hauskapelle eine \u201ekleine Messfeier\u201c schreiben. Eigentlich war er in Paris zum Feinschmecker geworden und schrieb nur noch Gelegenheitsst\u00fccke, die er unter dem humorvollen Titel \u201eAlterss\u00fcnden\u201c sammelte. In seiner \u201eMesse\u201c spielte er alle seine kompositorischen Tr\u00fcmpfe aus.<\/p>\n<p>Mit dem <em>BelCanto<\/em> war er freilich der letzte seiner Epoche. Mit der Abwendung der jungen Komponisten verloren die S\u00e4nger f\u00fcr fast ein Jahrhundert die daf\u00fcr notwendigen speziellen Gesangstechniken. Die \u201ekleine Messe\u201c eignete sich nicht f\u00fcr popul\u00e4re Kirchenpropaganda. Heute werden Spezialisten ausgebildet, so wie f\u00fcr die Anforderungen der Barockoper.<\/p>\n<p>Ich h\u00e4nge an den Lippen der Solisten. Ich pr\u00fcfe das Mienenspiel der Solistinnen. Mir kommen die muslimischen Gattinnen in Houellebecqs Roman \u201eUnterwerfung&#8220; in den Sinn.<\/p>\n<p>\u00dcber die Auftraggeber wei\u00df ich noch kaum etwas. War der Gatte, aus Genf geb\u00fcrtig, f\u00fcr hohe staatliche Funktion in Frankreich zum Katholizismus konvertiert? Oder m\u00fcssen &#8218;Doppelmoral&#8216; und &#8218;Eitelkeit&#8216; im <em>Second Empire<\/em> als Erkl\u00e4rungsans\u00e4tze herhalten?<\/p>\n<div id=\"attachment_13868\" style=\"width: 635px\" class=\"wp-caption aligncenter\"><a href=\"http:\/\/detlev.von.graeve.org\/wp-content\/uploads\/2022\/05\/IMG_20220512_0002-scaled-e1652352380331.jpg\"><img loading=\"lazy\" decoding=\"async\" aria-describedby=\"caption-attachment-13868\" class=\"size-large wp-image-13868\" src=\"http:\/\/detlev.von.graeve.org\/wp-content\/uploads\/2022\/05\/IMG_20220512_0002-scaled-e1652352380331-900x642.jpg\" alt=\"\" width=\"625\" height=\"446\" srcset=\"http:\/\/detlev.von.graeve.org\/wp-content\/uploads\/2022\/05\/IMG_20220512_0002-scaled-e1652352380331-900x642.jpg 900w, http:\/\/detlev.von.graeve.org\/wp-content\/uploads\/2022\/05\/IMG_20220512_0002-scaled-e1652352380331-360x257.jpg 360w, http:\/\/detlev.von.graeve.org\/wp-content\/uploads\/2022\/05\/IMG_20220512_0002-scaled-e1652352380331-624x445.jpg 624w, http:\/\/detlev.von.graeve.org\/wp-content\/uploads\/2022\/05\/IMG_20220512_0002-scaled-e1652352380331.jpg 1200w\" sizes=\"auto, (max-width: 625px) 100vw, 625px\" \/><\/a><p id=\"caption-attachment-13868\" class=\"wp-caption-text\">S.2-3<\/p><\/div>\n<div id=\"attachment_13869\" style=\"width: 635px\" class=\"wp-caption aligncenter\"><a href=\"http:\/\/detlev.von.graeve.org\/wp-content\/uploads\/2022\/05\/IMG_20220512_0003-scaled-e1652352445621.jpg\"><img loading=\"lazy\" decoding=\"async\" aria-describedby=\"caption-attachment-13869\" class=\"size-large wp-image-13869\" src=\"http:\/\/detlev.von.graeve.org\/wp-content\/uploads\/2022\/05\/IMG_20220512_0003-scaled-e1652352445621-900x637.jpg\" alt=\"\" width=\"625\" height=\"442\" srcset=\"http:\/\/detlev.von.graeve.org\/wp-content\/uploads\/2022\/05\/IMG_20220512_0003-scaled-e1652352445621-900x637.jpg 900w, http:\/\/detlev.von.graeve.org\/wp-content\/uploads\/2022\/05\/IMG_20220512_0003-scaled-e1652352445621-360x255.jpg 360w, http:\/\/detlev.von.graeve.org\/wp-content\/uploads\/2022\/05\/IMG_20220512_0003-scaled-e1652352445621-624x441.jpg 624w, http:\/\/detlev.von.graeve.org\/wp-content\/uploads\/2022\/05\/IMG_20220512_0003-scaled-e1652352445621.jpg 1200w\" sizes=\"auto, (max-width: 625px) 100vw, 625px\" \/><\/a><p id=\"caption-attachment-13869\" class=\"wp-caption-text\">S.4-5<\/p><\/div>\n<div id=\"attachment_13870\" style=\"width: 635px\" class=\"wp-caption aligncenter\"><a href=\"http:\/\/detlev.von.graeve.org\/wp-content\/uploads\/2022\/05\/IMG_20220512_0004-scaled-e1652352525287.jpg\"><img loading=\"lazy\" decoding=\"async\" aria-describedby=\"caption-attachment-13870\" class=\"size-large wp-image-13870\" src=\"http:\/\/detlev.von.graeve.org\/wp-content\/uploads\/2022\/05\/IMG_20220512_0004-scaled-e1652352525287-900x653.jpg\" alt=\"\" width=\"625\" height=\"453\" srcset=\"http:\/\/detlev.von.graeve.org\/wp-content\/uploads\/2022\/05\/IMG_20220512_0004-scaled-e1652352525287-900x653.jpg 900w, http:\/\/detlev.von.graeve.org\/wp-content\/uploads\/2022\/05\/IMG_20220512_0004-scaled-e1652352525287-360x261.jpg 360w, http:\/\/detlev.von.graeve.org\/wp-content\/uploads\/2022\/05\/IMG_20220512_0004-scaled-e1652352525287-624x453.jpg 624w, http:\/\/detlev.von.graeve.org\/wp-content\/uploads\/2022\/05\/IMG_20220512_0004-scaled-e1652352525287.jpg 1200w\" sizes=\"auto, (max-width: 625px) 100vw, 625px\" \/><\/a><p id=\"caption-attachment-13870\" class=\"wp-caption-text\">PROGRAMM HFMDK 26.1.2022 19.30 &#8211; S. 6<\/p><\/div>\n","protected":false},"excerpt":{"rendered":"<p>Der Hochschulchor der HfMDK f\u00fchrt am 26.1.2022 in der lutherischen Wartburgkirche in Frankfurt \u201ePetite Messe Solennelle\u201c von Gioachino Rossini (1792-1868) auf. Und in meinem Kopf rumoren das Motiv \u201eUnterwerfung\u201c von Houellebecq und der Name &#8222;Puccini&#8220;. Was f\u00fcr ein Mangel an Bildung! Im Faltblatt druckt man den Text Latein und Deutsch. Das wie in Stein gemei\u00dfelte [&hellip;]<\/p>\n","protected":false},"author":1,"featured_media":0,"comment_status":"open","ping_status":"closed","sticky":false,"template":"","format":"standard","meta":{"footnotes":""},"categories":[6,17],"tags":[],"class_list":["post-13866","post","type-post","status-publish","format-standard","hentry","category-frueher","category-kunstkommissar"],"_links":{"self":[{"href":"http:\/\/detlev.von.graeve.org\/index.php?rest_route=\/wp\/v2\/posts\/13866","targetHints":{"allow":["GET"]}}],"collection":[{"href":"http:\/\/detlev.von.graeve.org\/index.php?rest_route=\/wp\/v2\/posts"}],"about":[{"href":"http:\/\/detlev.von.graeve.org\/index.php?rest_route=\/wp\/v2\/types\/post"}],"author":[{"embeddable":true,"href":"http:\/\/detlev.von.graeve.org\/index.php?rest_route=\/wp\/v2\/users\/1"}],"replies":[{"embeddable":true,"href":"http:\/\/detlev.von.graeve.org\/index.php?rest_route=%2Fwp%2Fv2%2Fcomments&post=13866"}],"version-history":[{"count":7,"href":"http:\/\/detlev.von.graeve.org\/index.php?rest_route=\/wp\/v2\/posts\/13866\/revisions"}],"predecessor-version":[{"id":14056,"href":"http:\/\/detlev.von.graeve.org\/index.php?rest_route=\/wp\/v2\/posts\/13866\/revisions\/14056"}],"wp:attachment":[{"href":"http:\/\/detlev.von.graeve.org\/index.php?rest_route=%2Fwp%2Fv2%2Fmedia&parent=13866"}],"wp:term":[{"taxonomy":"category","embeddable":true,"href":"http:\/\/detlev.von.graeve.org\/index.php?rest_route=%2Fwp%2Fv2%2Fcategories&post=13866"},{"taxonomy":"post_tag","embeddable":true,"href":"http:\/\/detlev.von.graeve.org\/index.php?rest_route=%2Fwp%2Fv2%2Ftags&post=13866"}],"curies":[{"name":"wp","href":"https:\/\/api.w.org\/{rel}","templated":true}]}}