{"id":11760,"date":"2020-06-06T11:56:28","date_gmt":"2020-06-06T09:56:28","guid":{"rendered":"http:\/\/detlev.von.graeve.org\/?p=11760"},"modified":"2024-02-12T21:56:48","modified_gmt":"2024-02-12T20:56:48","slug":"douala-3-description-et-interpretation-de-la-maquette","status":"publish","type":"post","link":"http:\/\/detlev.von.graeve.org\/?p=11760","title":{"rendered":"Douala (3) &#8211; Description et interpr\u00e9tation de la maquette"},"content":{"rendered":"<h4><strong>Version francaise du 6. juin 2020 &#8211;\u00a0<\/strong><strong><span style=\"color: #ff0000;\"> version actuelle<\/span><\/strong><\/h4>\n<h4><a href=\"http:\/\/detlev.von.graeve.org\/?p=11697\" target=\"_blank\" rel=\"noopener noreferrer\">LIEN<\/a> &gt; Part (2) <strong>et <\/strong><a href=\"http:\/\/detlev.von.graeve.org\/?p=11749\" target=\"_blank\" rel=\"noopener noreferrer\">LIEN<\/a> &gt; Part (1) en francais.<\/h4>\n<h4><\/h4>\n<h3 style=\"text-align: center;\"><span class=\"tlid-translation translation\" lang=\"fr\"><span class=\"\" title=\"\">Comp\u00e9tition h\u00e9raldique<\/span><\/span>:<\/h3>\n<p>Le drapeau commercial de l&#8217;Empire allemand avec une d\u00e9coration all\u00e9gorique sur le bec de bateau &#8211; et \u00e0 la poupe le drapeau encore plus grand du Roi Akwa. Sous le parasol se trouve un dignitaire v\u00eatu de blanc, un repr\u00e9sentant de la maison de commerce Woermann? \u00c0 quelle occasion? La d\u00e9coration de la pirogue r\u00e9pond certainement au souhait du \u00abroi\u00bb d&#8217;une forte repr\u00e9sentation en concurrence avec l&#8217;Empire.<\/p>\n<div id=\"attachment_11128\" style=\"width: 459px\" class=\"wp-caption aligncenter\"><a href=\"http:\/\/detlev.von.graeve.org\/wp-content\/uploads\/2020\/04\/Duala_war_canoe-1884-Flaggen-und-Deko.jpg\"><img loading=\"lazy\" decoding=\"async\" aria-describedby=\"caption-attachment-11128\" class=\"wp-image-11128\" src=\"http:\/\/detlev.von.graeve.org\/wp-content\/uploads\/2020\/04\/Duala_war_canoe-1884-Flaggen-und-Deko-360x195.jpg\" alt=\"\" width=\"449\" height=\"244\" srcset=\"http:\/\/detlev.von.graeve.org\/wp-content\/uploads\/2020\/04\/Duala_war_canoe-1884-Flaggen-und-Deko-360x195.jpg 360w, http:\/\/detlev.von.graeve.org\/wp-content\/uploads\/2020\/04\/Duala_war_canoe-1884-Flaggen-und-Deko-900x489.jpg 900w, http:\/\/detlev.von.graeve.org\/wp-content\/uploads\/2020\/04\/Duala_war_canoe-1884-Flaggen-und-Deko-624x339.jpg 624w, http:\/\/detlev.von.graeve.org\/wp-content\/uploads\/2020\/04\/Duala_war_canoe-1884-Flaggen-und-Deko.jpg 1000w\" sizes=\"auto, (max-width: 449px) 100vw, 449px\" \/><\/a><p id=\"caption-attachment-11128\" class=\"wp-caption-text\"><em>\u00abPirogue de Guerre des Douala au Cameroun\u00bb 1884<\/em><!--more--><\/p><\/div>\n<p>La gravure sur bois illustre un article de 18 pages sur \u00abLes aspirations coloniales de l&#8217;Allemagne. Les Allemands sur la c\u00f4te ouest de l&#8217;Afrique \u00bb dans \u201eGartenlaube: Illustriertes Familienblatt, vol. XXXII, n\u00b0 37, <span class=\"tlid-translation translation\" lang=\"fr\"><span class=\"\" title=\"\">qui est modeste dans ses aspirations coloniales<\/span><\/span> et <span class=\"tlid-translation translation\" lang=\"fr\"><span class=\"\" title=\"\">les justifie sur une base purement commerciale<\/span><\/span>. (<a href=\"https:\/\/de.wikisource.org\/wiki\/Deutschlands_Colonialbestrebungen:_Deutsche_an_der_Westk%C3%BCste_von_Afrika\" target=\"_blank\" rel=\"noopener noreferrer\">LIEN<\/a>, en allemand)<\/p>\n<h1><\/h1>\n<h3 style=\"text-align: center;\">Mod\u00e8le de pirogue de guerre des Duala (vers 1900)<\/h3>\n<p>Le catalogue \u00ab<em>heikles erbe<\/em>\u00bb (Hanovre 2016, \u00abh\u00e9ritage d\u00e9licat\u00bb) examine les diff\u00e9rentes \u00abpratiques d&#8217;appropriation\u00bb sous la domination coloniale au Cameroun dans un chapitre s\u00e9par\u00e9 (pp. 199-211). Tous n&#8217;\u00e9taient pas \u00abill\u00e9gitimes\u00bb. Les colonis\u00e9s avaient \u00e9galement des possibilit\u00e9s d&#8217;action, qu&#8217;ils utilisaient souvent intelligemment. C&#8217;est ainsi que les march\u00e9s ethnographiques des objets de d\u00e9coration artisanaux ont vu le jour \u00e0 la fin du XIXe si\u00e8cle.<\/p>\n<p>\u00abUn autre exemple de produits sur mesure pour les voyageurs coloniaux sont les nombreux mod\u00e8les de bateaux qui sont d\u00e9sormais disponibles dans les mus\u00e9es europ\u00e9ens. Encourag\u00e9s par le contact avec les Europ\u00e9ens, ils ont \u00e9t\u00e9 \u00abfaits comme cadeaux pour les Europ\u00e9ens rentrant chez eux, en signe des bonnes relations commerciales qui existaient depuis le XVIIe si\u00e8cle\u00bb. (209)<\/p>\n<p>Le mod\u00e8le de Hanovre montre sous forme simplifi\u00e9e un bec attach\u00e9 (<em>tange<\/em>) et sa fixation. Les rameurs sont enregistr\u00e9s dynamiquement. Artisanat de haute qualit\u00e9! Surtout, une vue de face plus grande au catalogue prouve le travail de menuiserie sophistiqu\u00e9, mais aussi sch\u00e9matique. La peinture est tout aussi nette. Les personnages et les rames sont uniform\u00e9ment enduits de laque brun noir. \u00c9tat frais! La remarque \u00abCollection Wissman, conserv\u00e9e en \u00e9change avec le Museum f\u00fcr V\u00f6lkerkunde Berlin\u00bb laisse des questions sans r\u00e9ponse. \u00abAvant 1914\u00bb, mais quand\u00a0?<\/p>\n<div id=\"attachment_11247\" style=\"width: 635px\" class=\"wp-caption aligncenter\"><a href=\"http:\/\/detlev.von.graeve.org\/wp-content\/uploads\/2020\/04\/Duala-Heikles-Erbe-no.147-Modell.jpg\"><img loading=\"lazy\" decoding=\"async\" aria-describedby=\"caption-attachment-11247\" class=\"wp-image-11247 size-large\" src=\"http:\/\/detlev.von.graeve.org\/wp-content\/uploads\/2020\/04\/Duala-Heikles-Erbe-no.147-Modell-900x269.jpg\" alt=\"\" width=\"625\" height=\"187\" srcset=\"http:\/\/detlev.von.graeve.org\/wp-content\/uploads\/2020\/04\/Duala-Heikles-Erbe-no.147-Modell-900x269.jpg 900w, http:\/\/detlev.von.graeve.org\/wp-content\/uploads\/2020\/04\/Duala-Heikles-Erbe-no.147-Modell-360x108.jpg 360w, http:\/\/detlev.von.graeve.org\/wp-content\/uploads\/2020\/04\/Duala-Heikles-Erbe-no.147-Modell-624x187.jpg 624w, http:\/\/detlev.von.graeve.org\/wp-content\/uploads\/2020\/04\/Duala-Heikles-Erbe-no.147-Modell.jpg 999w\" sizes=\"auto, (max-width: 625px) 100vw, 625px\" \/><\/a><p id=\"caption-attachment-11247\" class=\"wp-caption-text\">n\u00b0 147 , maguette r\u00e9produite sans dimensions<\/p><\/div>\n<h3><strong>Le style de la p\u00e9riph\u00e9rie conservatrice de Douala et mon mod\u00e8le \u00abpirogue\u00bb\u00a0<\/strong><strong><br \/>\n<\/strong><\/h3>\n<div id=\"attachment_11277\" style=\"width: 280px\" class=\"wp-caption alignright\"><a href=\"http:\/\/detlev.von.graeve.org\/wp-content\/uploads\/2020\/04\/Zwei-Ruderer-PC290051.jpg\"><img loading=\"lazy\" decoding=\"async\" aria-describedby=\"caption-attachment-11277\" class=\"size-medium wp-image-11277\" src=\"http:\/\/detlev.von.graeve.org\/wp-content\/uploads\/2020\/04\/Zwei-Ruderer-PC290051-270x360.jpg\" alt=\"\" width=\"270\" height=\"360\" srcset=\"http:\/\/detlev.von.graeve.org\/wp-content\/uploads\/2020\/04\/Zwei-Ruderer-PC290051-270x360.jpg 270w, http:\/\/detlev.von.graeve.org\/wp-content\/uploads\/2020\/04\/Zwei-Ruderer-PC290051-624x832.jpg 624w, http:\/\/detlev.von.graeve.org\/wp-content\/uploads\/2020\/04\/Zwei-Ruderer-PC290051.jpg 675w\" sizes=\"auto, (max-width: 270px) 100vw, 270px\" \/><\/a><p id=\"caption-attachment-11277\" class=\"wp-caption-text\">Cano\u00eb coupl\u00e9 (d\u00e9tail), demi-figures 9 cm hauteur<\/p><\/div>\n<p>Le mod\u00e8le que je poss\u00e8de est l&#8217;\u0153uvre d&#8217;un fabricant rural de pirogues. Un relief ajour\u00e9 d&#8217;une qualit\u00e9 peu spectaculaire, sans technologie de menuiserie sophistiqu\u00e9e. Les lacunes ont \u00e9t\u00e9 perc\u00e9es d&#8217;un petit burin, la ligne d&#8217;accompagnement faite avec une gouge.<\/p>\n<p><em>P<\/em>roduit de la p\u00e9riph\u00e9rie conservatrice, il est une production unique, \u00e0 comparer avec des cr\u00eaches<em> ty<\/em>roliens de la Nativit\u00e9. Les figures sont\u00a0 produites s\u00e9par\u00e9ment, mais par l&#8217;artiste qui a \u00e9galement model\u00e9 le cano\u00eb \u00e0 parois \u00e9paisses et ajout\u00e9 des dessins \u00e0 encoche \u00e0 la main typiques pour les Douala. Seuls les gouvernails et les bras clou\u00e9s de mani\u00e8re flexible sont-elles achet\u00e9es comme pi\u00e8ces de &#8222;manufacture&#8220;?<\/p>\n<div id=\"attachment_11256\" style=\"width: 158px\" class=\"wp-caption alignright\"><a href=\"http:\/\/detlev.von.graeve.org\/wp-content\/uploads\/2020\/04\/Kecske\u0301sy-1982-no.248-Abo-12cm-Berke\u0301-1905.jpg\"><img loading=\"lazy\" decoding=\"async\" aria-describedby=\"caption-attachment-11256\" class=\"size-medium wp-image-11256\" src=\"http:\/\/detlev.von.graeve.org\/wp-content\/uploads\/2020\/04\/Kecske\u0301sy-1982-no.248-Abo-12cm-Berke\u0301-1905-148x360.jpg\" alt=\"\" width=\"148\" height=\"360\" srcset=\"http:\/\/detlev.von.graeve.org\/wp-content\/uploads\/2020\/04\/Kecske\u0301sy-1982-no.248-Abo-12cm-Berke\u0301-1905-148x360.jpg 148w, http:\/\/detlev.von.graeve.org\/wp-content\/uploads\/2020\/04\/Kecske\u0301sy-1982-no.248-Abo-12cm-Berke\u0301-1905.jpg 328w\" sizes=\"auto, (max-width: 148px) 100vw, 148px\" \/><\/a><p id=\"caption-attachment-11256\" class=\"wp-caption-text\">Kecske\u0301sy 1982, no.248 Abo (?) 12cm Berke\u0301 1905<\/p><\/div>\n<p>Dans le catalogue \u00abArt de l&#8217;Afrique ancienne\u00bb (1982), Maria Kecsk\u00e9sy mentionne l&#8217;art des bois de l&#8217;ouest camerounais: \u00abCaract\u00e9ristique est &#8211; \u00e0 la fois dans la sculpture ronde et dans les hauts reliefs &#8211; un certain type de repr\u00e9sentation des personnes: lignes fluides, jambes l\u00e9g\u00e8rement courb\u00e9es, bras incurv\u00e9s en forme de tube\u2026. La t\u00eate longue et \u00e9troite est g\u00e9n\u00e9ralement sans coiffure, le visage concave en forme de c\u0153ur est r\u00e9duit \u00e0 l&#8217;essentiel, les yeux sont sculpt\u00e9s en forme de bouton ou en amande; Le nez plat et la bouche ouverte avec des l\u00e8vres saillantes sont caract\u00e9ristiques \u00bb. (232-233)<\/p>\n<p>Ces caract\u00e9ristiques ne peuvent pas \u00eatre reconnues tous aux figures du bateau, mais j&#8217;ai l&#8217;impression que la maquette est solidement ancr\u00e9e dans la tradition locale.<\/p>\n<p>La figurine, qui ne mesure que 12 cm de haut, a \u00e9t\u00e9 beaucoup plus patin\u00e9e en 1905, lorsque Berk\u00e9 l&#8217;a achet\u00e9e, car il \u00e9tait utilis\u00e9 comme amulette longtemps. La zone d&#8217;origine suppos\u00e9e chez les Abo sur la rivi\u00e8re Abo &#8211; \u00e9tait d&#8217;ailleurs \u00e0 moins de vingt kilom\u00e8tres (distance lin\u00e9aire) au nord de Jebale ou Douala. (voir\u00a0: 2\u00e8me carte dans le Blog 1er)<\/p>\n<h3><\/h3>\n<h3 style=\"text-align: center;\"><strong>Deux becs h\u00e9raldiques (<em>tange<\/em><\/strong><strong>) de <\/strong><strong>\u00ab<\/strong><strong>pirogues de guerre<\/strong><strong>\u00bb<\/strong><strong> royaux<\/strong><\/h3>\n<p>Le Mus\u00e9e Ethnographique de Munich a heureusement pr\u00e9sent\u00e9 dans deux catalogues (Kecsk\u00e9si 1982 et 1999) ses deux becs originaux d&#8217;un m\u00e8tre cinquante de longueur, acquis en 1884 et 1889. Les figures et all\u00e9gories, stylis\u00e9es \u00e0 un haut niveau, sont parfaitement travaill\u00e9es. Au d\u00e9but, je pensais que les <em>tange<\/em> \u00e9taient fabriqu\u00e9s par des charpentiers du delta du Niger, parce qu&#8217;ils sont si similaires dans leur style et leur qualit\u00e9, et les deux familles auxquelles ils appartenaient \u00e9taient hostiles l&#8217;une \u00e0 l&#8217;autre. Un <em>tange<\/em> a \u00e9t\u00e9 fait par un gendre de King Bell, peut-\u00eatre dans l&#8217;une des menuiseries des missionnaires anglais? Maria Kecsk\u00e9sy pouvait imaginer que les mod\u00e8les \u00e9taient inspir\u00e9s par les figures de proue des navires marchands europ\u00e9ens.<\/p>\n<div id=\"attachment_11254\" style=\"width: 570px\" class=\"wp-caption aligncenter\"><a href=\"http:\/\/detlev.von.graeve.org\/wp-content\/uploads\/2020\/04\/Kecske\u0301sy-1982-p.224-no.235-King-Bell-1.jpg\"><img loading=\"lazy\" decoding=\"async\" aria-describedby=\"caption-attachment-11254\" class=\"wp-image-11254\" src=\"http:\/\/detlev.von.graeve.org\/wp-content\/uploads\/2020\/04\/Kecske\u0301sy-1982-p.224-no.235-King-Bell-1-900x481.jpg\" alt=\"\" width=\"560\" height=\"299\" srcset=\"http:\/\/detlev.von.graeve.org\/wp-content\/uploads\/2020\/04\/Kecske\u0301sy-1982-p.224-no.235-King-Bell-1-900x481.jpg 900w, http:\/\/detlev.von.graeve.org\/wp-content\/uploads\/2020\/04\/Kecske\u0301sy-1982-p.224-no.235-King-Bell-1-360x192.jpg 360w, http:\/\/detlev.von.graeve.org\/wp-content\/uploads\/2020\/04\/Kecske\u0301sy-1982-p.224-no.235-King-Bell-1-624x333.jpg 624w, http:\/\/detlev.von.graeve.org\/wp-content\/uploads\/2020\/04\/Kecske\u0301sy-1982-p.224-no.235-King-Bell-1.jpg 1000w\" sizes=\"auto, (max-width: 560px) 100vw, 560px\" \/><\/a><p id=\"caption-attachment-11254\" class=\"wp-caption-text\">Kecsk\u00e9sy 1982 p.224 n \u00b0 235 King Bell\u2019s Tange, fabriqu\u00e9 par son gendre Ekwe, vendu en 1889<\/p><\/div>\n<p style=\"text-align: center;\"><strong>Ses motifs: v\u00eatements, couleur de peau, motif du combat, serpent, oiseau, oeil<\/strong><\/p>\n<p>Dans sa description de 1982, Maria Kecsk\u00e9sy classe les v\u00eatements europ\u00e9ens comme \u00able seul d\u00e9tail qui indique clairement une influence europ\u00e9enne\u00bb. Elle l&#8217;interpr\u00e8te \u00e0 juste titre comme une fonction du <span class=\"tlid-translation translation\" lang=\"fr\"><span class=\"\" title=\"\">statut en surbrillance<\/span><\/span>. (<span class=\"tlid-translation translation\" lang=\"fr\"><span class=\"\" title=\"\">Voir aussi les observations dans le<\/span><\/span> \u00abGartenlaube\u00bb). La couleur de peau blanche, en revanche, correspond aux traditions locales en tant que couleur culte.<\/p>\n<p>D&#8217;autres motifs ont leurs parall\u00e8les principalement en Orient, ils ont donc migr\u00e9. Par exemple, ornement circulaire et rosace: \u00abEn ce qui concerne les bateaux, il pourrait s&#8217;agir d&#8217;une variante des &lt;oculi&gt;, pour la d\u00e9fense du mauvais oeil dont tant de navires en M\u00e9diterran\u00e9e et dans l&#8217;oc\u00e9an Indien sont \u00e9quip\u00e9s. \u00bb<\/p>\n<p>On dit que l&#8217;homme tenant un serpent se tordant dans ses deux mains symbolisait \u00ables pouvoirs cosmiques bienveillants\u00bb dans l&#8217;ancien Orient. Le motif de la lutte entre l&#8217;oiseau et le serpent est apparu pour la premi\u00e8re fois en Babylonie il y a 3000 ans et a migr\u00e9 en Egypte, par exemple. Le motif avait pris diff\u00e9rentes significations de l\u2019hostilit\u00e9: entre la lumi\u00e8re et les t\u00e9n\u00e8bres, pouvoirs c\u00e9lestes et souterrains, le bon et le mal, sa propre dynastie et son ennemi. Kecsk\u00e9sy voit les stations interm\u00e9diaires voisins dans les cultures de la C\u00f4te Guin\u00e9enne (Baule, Achanti, Yoruba, B\u00e9nin etc., avec lesquelles le delta du Wouri est associ\u00e9 depuis longtemps (n \u00b0 235, p. 222f)).<\/p>\n<div id=\"attachment_11249\" style=\"width: 507px\" class=\"wp-caption aligncenter\"><a href=\"http:\/\/detlev.von.graeve.org\/wp-content\/uploads\/2020\/04\/Tange-Mu\u0308nchen-R.-Wilcox3.png\"><img loading=\"lazy\" decoding=\"async\" aria-describedby=\"caption-attachment-11249\" class=\"wp-image-11249\" src=\"http:\/\/detlev.von.graeve.org\/wp-content\/uploads\/2020\/04\/Tange-Mu\u0308nchen-R.-Wilcox3-360x255.png\" alt=\"\" width=\"497\" height=\"352\" srcset=\"http:\/\/detlev.von.graeve.org\/wp-content\/uploads\/2020\/04\/Tange-Mu\u0308nchen-R.-Wilcox3-360x255.png 360w, http:\/\/detlev.von.graeve.org\/wp-content\/uploads\/2020\/04\/Tange-Mu\u0308nchen-R.-Wilcox3-900x637.png 900w, http:\/\/detlev.von.graeve.org\/wp-content\/uploads\/2020\/04\/Tange-Mu\u0308nchen-R.-Wilcox3-624x442.png 624w, http:\/\/detlev.von.graeve.org\/wp-content\/uploads\/2020\/04\/Tange-Mu\u0308nchen-R.-Wilcox3.png 1092w\" sizes=\"auto, (max-width: 497px) 100vw, 497px\" \/><\/a><p id=\"caption-attachment-11249\" class=\"wp-caption-text\">(R.Wilcox: \u00abMamiwatas ..\u00bb dans \u00abSacred Waters\u00bb Indianapolis &#8211; propri\u00e9t\u00e9 de King Lock Priso; butin de guerre de M. Buchner d\u00e9c. 1884<\/p><\/div>\n<p><em>\u00a0<\/em><\/p>\n<p>Si proches que soient les deux ensembles, celui de Lock Priso (fig. 21.3) est sans doute plus politique, plus confiant, plus int\u00e9ressant en termes de contenu. Kecsk\u00e9sy souligne \u00e0 juste titre les motifs appropri\u00e9s: \u00abLe chef, dompteur et tueur d&#8217;\u00e9l\u00e9phants \u00bb tient un fusil, mais tue avec la lance. Et \u00absous l&#8217;image idyllique d&#8217;une petite table avec une bouteille de schnaps et de verres, un tube de canon sort entre deux lampes \u00e0 p\u00e9trole visant le tueur d&#8217;\u00e9l\u00e9phants. \u00ab strat\u00e9gie double \u00bb. (p.225) Lock Priso connaissait bien ses Europ\u00e9ens. Ce n&#8217;est pas pour rien qu&#8217;il a plaid\u00e9 pour \u00able protectorat\u00bb anglais en 1884. On y savait par exp\u00e9rience \u00e0 quoi s\u2019attendre.<\/p>\n<p>Le style solide et r\u00e9aliste des deux <em>tange<\/em> \u00abroyales\u00bb) est extr\u00eamement pr\u00e9cieux pour d\u00e9chiffrer la composition paysanne que j&#8217;ai acquise. Avec observation patiente, tous ses motifs traditionnels peuvent \u00eatre retrouv\u00e9s, comme citation, pas travaill\u00e9 de mani\u00e8re cr\u00e9ative!<\/p>\n<p>&nbsp;<\/p>\n<h3 style=\"text-align: center;\"><strong>Ma maquette de repr\u00e9sentation de Jebal\u00e9 (voir <a href=\"http:\/\/detlev.von.graeve.org\/?p=11697\" target=\"_blank\" rel=\"noopener noreferrer\">LIEN<\/a>)<\/strong><strong><br \/>\n<\/strong><\/h3>\n<p>Le<em> tange<\/em> occupe environ quarante pour cent de la longueur totale. Il se compose de six composants cal\u00e9s, probablement pour un stockage s\u00fbr dans un panier. Premi\u00e8rement, je retire la goupille fendue du milieu du bateau, d\u00e9clippe la boucle en cuir et d\u00e9monte l&#8217;attachement \u00abbaroque\u00bb. Nous consid\u00e9rons son axe longitudinal d&#8217;abord parce que c&#8217;est le noyau traditionnel qui se compare aux symboles des <em>Tange<\/em> de Munich. Nous nous tournons ensuite vers les trois rang\u00e9es de structures qui attirent imm\u00e9diatement l&#8217;attention et donnent \u00e0 la construction son caract\u00e8re int\u00e9ressant. Cinq corniches d&#8217;image se tiennent sur l&#8217;axe longitudinal et regardent vers l&#8217;avant par-dessus la proue. Le canot d\u00e9coupl\u00e9 est d\u00e9crit en dernier.<\/p>\n<p>&nbsp;<\/p>\n<p style=\"text-align: center;\"><strong>Le canon traditionnel douala r\u00e8gne sur le long axe du bec<\/strong><\/p>\n<p><strong> <a href=\"http:\/\/detlev.von.graeve.org\/wp-content\/uploads\/2020\/04\/La\u0308ngsachse-schra\u0308g-PC290078.jpg\"><img loading=\"lazy\" decoding=\"async\" class=\"aligncenter wp-image-11267\" src=\"http:\/\/detlev.von.graeve.org\/wp-content\/uploads\/2020\/04\/La\u0308ngsachse-schra\u0308g-PC290078-900x549.jpg\" alt=\"\" width=\"522\" height=\"319\" srcset=\"http:\/\/detlev.von.graeve.org\/wp-content\/uploads\/2020\/04\/La\u0308ngsachse-schra\u0308g-PC290078-900x549.jpg 900w, http:\/\/detlev.von.graeve.org\/wp-content\/uploads\/2020\/04\/La\u0308ngsachse-schra\u0308g-PC290078-360x220.jpg 360w, http:\/\/detlev.von.graeve.org\/wp-content\/uploads\/2020\/04\/La\u0308ngsachse-schra\u0308g-PC290078-624x381.jpg 624w, http:\/\/detlev.von.graeve.org\/wp-content\/uploads\/2020\/04\/La\u0308ngsachse-schra\u0308g-PC290078.jpg 1099w\" sizes=\"auto, (max-width: 522px) 100vw, 522px\" \/><\/a><\/strong><\/p>\n<p>Normalement, l&#8217;action est partiellement masqu\u00e9e par des \u00e9l\u00e9ments qui y sont attach\u00e9s \u00e0 angle droit. Deux de leurs c\u00f4nes sont visibles sur la photo ci-dessus. La figure centrale aux bras tendus a m\u00eame une pi\u00e8ce transversale juste devant son nez. Cela n&#8217;a pas \u00e9t\u00e9 pris en compte lors du travail sur les diff\u00e9rentes pi\u00e8ces. Elle regarde dans la direction oppos\u00e9e aux quatre autres figures humaines. Maurice les appellera \u00abguerriers\u00bb v\u00eatus d&#8217;uniformes europ\u00e9ens ou \u00abla garde de la chefferie qui \u00abaccompagne le chef pour le prot\u00e9ger\u00bb. Il s\u2019agit clairement de l&#8217;aspect \u00abint\u00e9rieur\u00bb du pouvoir traditionnel ou la responsabilit\u00e9 de l&#8217;ensemble social et de sa d\u00e9fense. Un geste fort de la domination humaine est la propagation ou l&#8217;\u00e9tirement des bras forts. La relation entre la fourniture d&#8217;\u00e9nergie dynamique et l&#8217;\u00e9quilibre statique n&#8217;est pas claire.<\/p>\n<p>Un serpent noir \u00e9merge de l&#8217;eau et s&#8217;appr\u00eate \u00e0 d\u00e9vorer la t\u00eate d&#8217;un grand oiseau jaune, reconnaissable \u00e0 son long bec et \u00e0 son corps court. Avec Kecsk\u00e9si n\u00b0 236 le motif s\u2019appelle: &#8222;Lutte entre oiseau et serpent&#8220;. Un deuxi\u00e8me petit serpent \u00e0 points noirs a mordu dans l&#8217;abdomen de l&#8217;oiseau. Trois petites figures humaines en pantalon noir s\u2019\u00e9fforcent de tenir des monstres dans un \u00e9quilibre constamment menac\u00e9. La figure du milieu contr\u00f4le deux pr\u00e9dateurs. On peut identifier un chien par sa queue enroul\u00e9e et ses oreilles triangulaires crant\u00e9es (cf. 1982, ci-dessus n \u00b0 235). Il semble mordre l\u2019homme dans la main, avec l&#8217;autre main le patron attrappe un serpent, qui est en train de mordre un oiseau dans la queue. Avec une interpr\u00e9tation \u00abpsychologique\u00bb, les figures humaines donnent l\u2019impression d\u2019 effort extr\u00eame, sinon de surmenage. Bien s\u00fbr, elle ne s&#8217;applique pas aux simples citations de figures all\u00e9goriques. Les visages sont blancs (\u00ab<em>wei\u00dfe Kultfarbe<\/em>\u00bb, ibid. P.225). Une seule t\u00eate, l&#8217;arri\u00e8re de la t\u00eate est peint en noir.<\/p>\n<h3 style=\"text-align: center;\"><strong>Le geste de puissance &#8211; quatre variantes<\/strong><\/h3>\n<p style=\"text-align: left;\"><strong><br \/>\n<\/strong>Les deux <em>tange<\/em> de Munich du 19e et l&#8217;image publicitaire du 20e si\u00e8cle incarnent le d\u00e9veloppement triomphal de la puissance en parfait \u00e9quilibre. Le magicien sur la publicit\u00e9 du XXe si\u00e8cle ma\u00eetrise aussi facilement deux mondes, le visible et l&#8217;invisible.<\/p>\n<div id=\"attachment_11240\" style=\"width: 218px\" class=\"wp-caption alignright\"><a href=\"http:\/\/detlev.von.graeve.org\/wp-content\/uploads\/2020\/04\/deRosny-p.180-Supre\u0300me-Pouvoir.jpg\"><img loading=\"lazy\" decoding=\"async\" aria-describedby=\"caption-attachment-11240\" class=\"size-medium wp-image-11240\" src=\"http:\/\/detlev.von.graeve.org\/wp-content\/uploads\/2020\/04\/deRosny-p.180-Supre\u0300me-Pouvoir-208x360.jpg\" alt=\"\" width=\"208\" height=\"360\" srcset=\"http:\/\/detlev.von.graeve.org\/wp-content\/uploads\/2020\/04\/deRosny-p.180-Supre\u0300me-Pouvoir-208x360.jpg 208w, http:\/\/detlev.von.graeve.org\/wp-content\/uploads\/2020\/04\/deRosny-p.180-Supre\u0300me-Pouvoir-520x900.jpg 520w, http:\/\/detlev.von.graeve.org\/wp-content\/uploads\/2020\/04\/deRosny-p.180-Supre\u0300me-Pouvoir-624x1080.jpg 624w, http:\/\/detlev.von.graeve.org\/wp-content\/uploads\/2020\/04\/deRosny-p.180-Supre\u0300me-Pouvoir.jpg 635w\" sizes=\"auto, (max-width: 208px) 100vw, 208px\" \/><\/a><p id=\"caption-attachment-11240\" class=\"wp-caption-text\"><br \/>Kecskesy 1982: n \u00b0 235 King Bell&#8217;s (d\u00e9tail)<br \/>de Rosny \u00abLes yeux de ma ch\u00e8vre\u00bb p.180, 1996 Brochure publicitaire m\u00e9dicale<strong><em>\u00a0 <br \/><\/em><\/strong><\/p><\/div>\n<div id=\"attachment_11250\" style=\"width: 289px\" class=\"wp-caption alignleft\"><a href=\"http:\/\/detlev.von.graeve.org\/wp-content\/uploads\/2020\/04\/Kecskesy-Kunst-I-Duala-2.jpg\"><img loading=\"lazy\" decoding=\"async\" aria-describedby=\"caption-attachment-11250\" class=\"size-medium wp-image-11250\" src=\"http:\/\/detlev.von.graeve.org\/wp-content\/uploads\/2020\/04\/Kecskesy-Kunst-I-Duala-2-279x360.jpg\" alt=\"\" width=\"279\" height=\"360\" srcset=\"http:\/\/detlev.von.graeve.org\/wp-content\/uploads\/2020\/04\/Kecskesy-Kunst-I-Duala-2-279x360.jpg 279w, http:\/\/detlev.von.graeve.org\/wp-content\/uploads\/2020\/04\/Kecskesy-Kunst-I-Duala-2-698x900.jpg 698w, http:\/\/detlev.von.graeve.org\/wp-content\/uploads\/2020\/04\/Kecskesy-Kunst-I-Duala-2-624x805.jpg 624w, http:\/\/detlev.von.graeve.org\/wp-content\/uploads\/2020\/04\/Kecskesy-Kunst-I-Duala-2.jpg 775w\" sizes=\"auto, (max-width: 279px) 100vw, 279px\" \/><\/a><p id=\"caption-attachment-11250\" class=\"wp-caption-text\">Kecskesy 1982: n \u00b0 235 King Bell&#8217;s (d\u00e9tail)<\/p><\/div>\n<p>&nbsp;<\/p>\n<p>&nbsp;<\/p>\n<p>&nbsp;<\/p>\n<p>&nbsp;<\/p>\n<p>&nbsp;<\/p>\n<p>&nbsp;<\/p>\n<p>&nbsp;<\/p>\n<p>&nbsp;<\/p>\n<p>&nbsp;<\/p>\n<h6><\/h6>\n<div id=\"attachment_11262\" style=\"width: 370px\" class=\"wp-caption alignright\"><a href=\"http:\/\/detlev.von.graeve.org\/wp-content\/uploads\/2020\/04\/Pascale-Martine-Tayou-Emmanuel-2020-01-22.png\"><img loading=\"lazy\" decoding=\"async\" aria-describedby=\"caption-attachment-11262\" class=\"size-medium wp-image-11262\" src=\"http:\/\/detlev.von.graeve.org\/wp-content\/uploads\/2020\/04\/Pascale-Martine-Tayou-Emmanuel-2020-01-22-360x303.png\" alt=\"\" width=\"360\" height=\"303\" srcset=\"http:\/\/detlev.von.graeve.org\/wp-content\/uploads\/2020\/04\/Pascale-Martine-Tayou-Emmanuel-2020-01-22-360x303.png 360w, http:\/\/detlev.von.graeve.org\/wp-content\/uploads\/2020\/04\/Pascale-Martine-Tayou-Emmanuel-2020-01-22-624x525.png 624w, http:\/\/detlev.von.graeve.org\/wp-content\/uploads\/2020\/04\/Pascale-Martine-Tayou-Emmanuel-2020-01-22.png 757w\" sizes=\"auto, (max-width: 360px) 100vw, 360px\" \/><\/a><p id=\"caption-attachment-11262\" class=\"wp-caption-text\">Pascale Martine Tayou &#8222;Emmanuel&#8220; 2020-01-22<\/p><\/div>\n<p>Mais qu&#8217;est-il arriv\u00e9 aux h\u00e9ros aux mains fortes? &#8211; Les poup\u00e9es et les obsessions ouvrent les portes du monde de l&#8217;art en r\u00e9seau mondial.<\/p>\n<p>QUE DIT PASCALE MARTINE TAYOU?<\/p>\n<p>L&#8217;ARTISTE VIT \u00c0 PARIS ET DOUALA&gt; LIEN VERS GALLERIACONTINUA \/ 30 ANS<\/p>\n<p>&nbsp;<\/p>\n<p>&nbsp;<\/p>\n<h6><\/h6>\n<div id=\"attachment_9597\" style=\"width: 243px\" class=\"wp-caption alignleft\"><a href=\"http:\/\/detlev.von.graeve.org\/wp-content\/uploads\/2018\/10\/Thiel.Jahre58.Nzambi-Nkisi-Holo.jpg\"><img loading=\"lazy\" decoding=\"async\" aria-describedby=\"caption-attachment-9597\" class=\"size-medium wp-image-9597\" src=\"http:\/\/detlev.von.graeve.org\/wp-content\/uploads\/2018\/10\/Thiel.Jahre58.Nzambi-Nkisi-Holo-233x360.jpg\" alt=\"\" width=\"233\" height=\"360\" srcset=\"http:\/\/detlev.von.graeve.org\/wp-content\/uploads\/2018\/10\/Thiel.Jahre58.Nzambi-Nkisi-Holo-233x360.jpg 233w, http:\/\/detlev.von.graeve.org\/wp-content\/uploads\/2018\/10\/Thiel.Jahre58.Nzambi-Nkisi-Holo-582x900.jpg 582w, http:\/\/detlev.von.graeve.org\/wp-content\/uploads\/2018\/10\/Thiel.Jahre58.Nzambi-Nkisi-Holo-624x965.jpg 624w, http:\/\/detlev.von.graeve.org\/wp-content\/uploads\/2018\/10\/Thiel.Jahre58.Nzambi-Nkisi-Holo.jpg 734w\" sizes=\"auto, (max-width: 233px) 100vw, 233px\" \/><\/a><p id=\"caption-attachment-9597\" class=\"wp-caption-text\">Thiel. Jahre im Kongo 2001,58. Nzambi-Nkisi Holo<\/p><\/div>\n<p>&nbsp;<\/p>\n<p><em>\u00a0<\/em><\/p>\n<p>Le relief de l&#8217;Ancien Empire du Congo interpr\u00e9t\u00e9 par J.F. Thiel (\u00abAnn\u00e9es au Congo\u00bb Fig. 58, LIEN) comme Christ crucifi\u00e9, est formellement int\u00e9ressant en raison de sa frontalit\u00e9, ses bras inclin\u00e9s et mains surdimensionn\u00e9es devant un cadre large. Selon sa fonction il est un symbole de puissance (Nkisi).<\/p>\n<p><strong>\u00a0<\/strong><\/p>\n<p><strong>\u00a0<\/strong><\/p>\n<h3 style=\"text-align: center;\"><strong>L&#8217;esclave dans la coque<\/strong><strong><br \/>\n<\/strong><strong><br \/>\n<\/strong><\/h3>\n<div id=\"attachment_11259\" style=\"width: 280px\" class=\"wp-caption alignright\"><a href=\"http:\/\/detlev.von.graeve.org\/wp-content\/uploads\/2020\/04\/Kenneth_Lu_-_Slave_ship_model__4811223749.jpg\"><img loading=\"lazy\" decoding=\"async\" aria-describedby=\"caption-attachment-11259\" class=\"wp-image-11259\" src=\"http:\/\/detlev.von.graeve.org\/wp-content\/uploads\/2020\/04\/Kenneth_Lu_-_Slave_ship_model__4811223749-360x240.jpg\" alt=\"\" width=\"270\" height=\"180\" srcset=\"http:\/\/detlev.von.graeve.org\/wp-content\/uploads\/2020\/04\/Kenneth_Lu_-_Slave_ship_model__4811223749-360x240.jpg 360w, http:\/\/detlev.von.graeve.org\/wp-content\/uploads\/2020\/04\/Kenneth_Lu_-_Slave_ship_model__4811223749-900x599.jpg 900w, http:\/\/detlev.von.graeve.org\/wp-content\/uploads\/2020\/04\/Kenneth_Lu_-_Slave_ship_model__4811223749-624x416.jpg 624w, http:\/\/detlev.von.graeve.org\/wp-content\/uploads\/2020\/04\/Kenneth_Lu_-_Slave_ship_model__4811223749.jpg 1000w\" sizes=\"auto, (max-width: 270px) 100vw, 270px\" \/><\/a><p id=\"caption-attachment-11259\" class=\"wp-caption-text\">National Museum of American History Kenneth Lu slave-ship-model<\/p><\/div>\n<p><em><br \/>\n<\/em><br \/>\nUne quatri\u00e8me figure, cette fois nue, ne correspond pas aux autres, mais est clairement plac\u00e9e au milieu. Elle \u00e9quilibre horizontalement dans la coque d&#8217;un navire comme dans une roue, peut-\u00eatre d\u00fb \u00e0 la perspective de vue de dessus. Enfin, la coque est \u00e9galement repr\u00e9sent\u00e9e par sa section transversale.<\/p>\n<p>Que signifie la figure de \u00ab l&#8217;esclave\u00bb ? Premi\u00e8rement, une marchandise extr\u00eamement rentable dans le pass\u00e9, comparable \u00e0 l&#8217;ivoire des \u00e9l\u00e9phants (<em>Tange<\/em> n\u00b0 235 <em>King Bell<\/em>), deuxi\u00e8mement, il pourrait \u00e9galement symboliser la base traditionnelle de l&#8217;ordre social et troisi\u00e8mement, la d\u00e9termination des de ne pas laisser les nouveaux ma\u00eetres ou le<em>s <\/em><em>\u00abBamileke<\/em>\u00bb les gouverner. (voir \u00abPirogue, premi\u00e8re partie\u00bb).<\/p>\n<p>Inversement, le motif peut renvoyer \u00e0 une menace existentielle. Sa place directement sous \u00able chef \u00bb puissant pourrait \u00e9galement r\u00e9pondre \u00e0 son obligation de protection aussi dans le \u00abdeuxi\u00e8me monde\u00bb. \u00c0 l&#8217;\u00e9poque de la traite des esclaves, les chefs de village avaient remis des gens simples aux Blancs comme interm\u00e9diaires \u00e0 leur propre profit.<\/p>\n<p>Eric de Rosny regarde la \u00abtraite des esclaves\u00bb comme un mod\u00e8le bien connu de m\u00e9moire collective, car les sorciers contemporains transf\u00e8rent les gens dans un autre monde pour le travail forc\u00e9. (Mot cl\u00e9 \u00ab<em>Ekong<\/em>\u00bb dans \u00ab<em>L&#8217;\u0153il de ma ch\u00e8vre<\/em>\u00bb 85; 93 Note 4; voir aussi le Blog \u00ab<em>Tightly wrapped healer <\/em>\u00bb <a href=\"http:\/\/detlev.von.graeve.org\/?p=10868\" target=\"_blank\" rel=\"noopener noreferrer\">LIEN<\/a>).<\/p>\n<p>&nbsp;<\/p>\n<h3 style=\"text-align: center;\"><strong>E<\/strong><strong>sprits de l&#8217;eau?<\/strong><\/h3>\n<div id=\"attachment_11236\" style=\"width: 588px\" class=\"wp-caption aligncenter\"><a href=\"http:\/\/detlev.von.graeve.org\/wp-content\/uploads\/2020\/04\/Bugspriet-Duala-R-PC290075-e1588192313625.jpg\"><img loading=\"lazy\" decoding=\"async\" aria-describedby=\"caption-attachment-11236\" class=\"wp-image-11236\" src=\"http:\/\/detlev.von.graeve.org\/wp-content\/uploads\/2020\/04\/Bugspriet-Duala-R-PC290075-900x501.jpg\" alt=\"\" width=\"578\" height=\"322\" \/><\/a><p id=\"caption-attachment-11236\" class=\"wp-caption-text\">Face oppos\u00e9e: Le chef nous tourne le dos<\/p><\/div>\n<p>Les triangles sur lesquels sont fix\u00e9es des c\u00f4nes pour les accessoires rappellent les poissons aux yeux typiques et aux bouches b\u00e9antes. (Voir tels poissons sur le bec du navire n\u00b0 236, Kecsk\u00e9si 1999 p. 90\/91).<\/p>\n<p>En dessous, dans une niche, se trouve une cinqui\u00e8me \u00abpersonne\u00bb en position lat\u00e9rale. Ses deux bras devant le tronc forment ou enferment une ouverture. Sa veste noire, c&#8217;est-\u00e0-dire europ\u00e9enne, indique un statut \u00e9lev\u00e9. C&#8217;est un signal extr\u00eamement r\u00e9duit, mais selon sa position dans la composition il peut repr\u00e9senter la figure au <em>Tange<\/em> n\u00b0 235, qui regarde verticalement dans l\u2019eau. Au n\u00b0 236 une telle figure est stylis\u00e9e comme une femme qui vide rituellement un r\u00e9cipient sacrificiel pour les esprits de l&#8217;eau, les <em>mengu<\/em>.<\/p>\n<div id=\"attachment_11168\" style=\"width: 336px\" class=\"wp-caption alignright\"><a href=\"http:\/\/detlev.von.graeve.org\/wp-content\/uploads\/2020\/04\/Bildschirmfoto-2020-02-15-um-21.36.01-1.png\"><img loading=\"lazy\" decoding=\"async\" aria-describedby=\"caption-attachment-11168\" class=\"wp-image-11168\" src=\"http:\/\/detlev.von.graeve.org\/wp-content\/uploads\/2020\/04\/Bildschirmfoto-2020-02-15-um-21.36.01-1-360x309.png\" alt=\"\" width=\"326\" height=\"280\" srcset=\"http:\/\/detlev.von.graeve.org\/wp-content\/uploads\/2020\/04\/Bildschirmfoto-2020-02-15-um-21.36.01-1-360x309.png 360w, http:\/\/detlev.von.graeve.org\/wp-content\/uploads\/2020\/04\/Bildschirmfoto-2020-02-15-um-21.36.01-1-900x772.png 900w, http:\/\/detlev.von.graeve.org\/wp-content\/uploads\/2020\/04\/Bildschirmfoto-2020-02-15-um-21.36.01-1-624x535.png 624w, http:\/\/detlev.von.graeve.org\/wp-content\/uploads\/2020\/04\/Bildschirmfoto-2020-02-15-um-21.36.01-1.png 923w\" sizes=\"auto, (max-width: 326px) 100vw, 326px\" \/><\/a><p id=\"caption-attachment-11168\" class=\"wp-caption-text\">Jengu (singulier des mengu), Wilcox: \u00abMamiwatas\u2026\u00bb (H.J.Drewal\u00a0: Sacred Waters&#8230;, I.U.P.)<\/p><\/div>\n<p>Leur importance ne peut \u00eatre surestim\u00e9e pour la communaut\u00e9 et les individus dans le delta du Wouri. (Voir la partie 2 du Blog sur <em>Jebal\u00e9<\/em>, LIEN). Il faut ajouter que l&#8217;esprit de l&#8217;eau <em>Jengu<\/em> peut prendre une forme humaine, mais de plus petite taille. Qu\u2019il nage comme un poisson et marche droit comme un humain. Plut\u00f4t f\u00e9minin, le <em>jengu<\/em> a la peau claire, les yeux pro\u00e9minents et ses cheveux atteignent le sol, elle ressemble aux pygm\u00e9es, aux Blancs et aux lamantins. Mais surtout elle a des pieds retrouss\u00e9s, c\u2019est pourquoi ses empreintes sont facilement reconnaissables dans le sable. (Bureau, p. 54)<\/p>\n<p><strong>\u00a0<\/strong><strong><br \/>\n<\/strong><\/p>\n<h3 style=\"text-align: center;\">CINQ \u00c9L\u00c9MENTS A<strong>TTACH<\/strong>\u00c9S TH\u00c9MATISENT LES RELATIONS EXT\u00c9RIEURES<\/h3>\n<h4><strong>Coupe transversale d&#8217;une coque de navire et d&#8217;une chapelle: la structure au dos du BEC<\/strong><strong><br \/>\n<\/strong><\/h4>\n<div id=\"attachment_11225\" style=\"width: 280px\" class=\"wp-caption alignleft\"><a href=\"http:\/\/detlev.von.graeve.org\/wp-content\/uploads\/2020\/04\/PC290059-scaled.jpg\"><img loading=\"lazy\" decoding=\"async\" aria-describedby=\"caption-attachment-11225\" class=\"size-medium wp-image-11225\" src=\"http:\/\/detlev.von.graeve.org\/wp-content\/uploads\/2020\/04\/PC290059-270x360.jpg\" alt=\"\" width=\"270\" height=\"360\" srcset=\"http:\/\/detlev.von.graeve.org\/wp-content\/uploads\/2020\/04\/PC290059-270x360.jpg 270w, http:\/\/detlev.von.graeve.org\/wp-content\/uploads\/2020\/04\/PC290059-675x900.jpg 675w, http:\/\/detlev.von.graeve.org\/wp-content\/uploads\/2020\/04\/PC290059-1152x1536.jpg 1152w, http:\/\/detlev.von.graeve.org\/wp-content\/uploads\/2020\/04\/PC290059-1536x2048.jpg 1536w, http:\/\/detlev.von.graeve.org\/wp-content\/uploads\/2020\/04\/PC290059-624x832.jpg 624w, http:\/\/detlev.von.graeve.org\/wp-content\/uploads\/2020\/04\/PC290059-scaled.jpg 1920w\" sizes=\"auto, (max-width: 270px) 100vw, 270px\" \/><\/a><p id=\"caption-attachment-11225\" class=\"wp-caption-text\">mit nierenf\u00f6rmigem Haltebrett (Nr. 1)<br \/>Dimensions 35,5 cm de haut 22 cm de large, 560g<\/p><\/div>\n<div id=\"attachment_11250\" style=\"width: 289px\" class=\"wp-caption alignright\"><a href=\"http:\/\/detlev.von.graeve.org\/wp-content\/uploads\/2020\/04\/Kecskesy-Kunst-I-Duala-2.jpg\"><img loading=\"lazy\" decoding=\"async\" aria-describedby=\"caption-attachment-11250\" class=\"size-medium wp-image-11250\" src=\"http:\/\/detlev.von.graeve.org\/wp-content\/uploads\/2020\/04\/Kecskesy-Kunst-I-Duala-2-279x360.jpg\" alt=\"\" width=\"279\" height=\"360\" srcset=\"http:\/\/detlev.von.graeve.org\/wp-content\/uploads\/2020\/04\/Kecskesy-Kunst-I-Duala-2-279x360.jpg 279w, http:\/\/detlev.von.graeve.org\/wp-content\/uploads\/2020\/04\/Kecskesy-Kunst-I-Duala-2-698x900.jpg 698w, http:\/\/detlev.von.graeve.org\/wp-content\/uploads\/2020\/04\/Kecskesy-Kunst-I-Duala-2-624x805.jpg 624w, http:\/\/detlev.von.graeve.org\/wp-content\/uploads\/2020\/04\/Kecskesy-Kunst-I-Duala-2.jpg 775w\" sizes=\"auto, (max-width: 279px) 100vw, 279px\" \/><\/a><p id=\"caption-attachment-11250\" class=\"wp-caption-text\">Kecskesy 1982: n \u00b0 235 King Bell&#8217;s (d\u00e9tail)<\/p><\/div>\n<p><em>\u00a0<\/em><\/p>\n<p><em>\u00a0<\/em><\/p>\n<p>&nbsp;<\/p>\n<p>&nbsp;<\/p>\n<p>&nbsp;<\/p>\n<p>&nbsp;<\/p>\n<p>&nbsp;<\/p>\n<h6><\/h6>\n<p>Une comparaison des plus hautes structures positionn\u00e9es \u00e0 la transition vers le pirogue montre des changements d&#8217;accent.<\/p>\n<p>La structure du Roi Bell (\u00e0 droite, n\u00b0 235 avant 1889) simplement omit les relations des chefs avec les \u00e9trangers). Celle du Lock Priso (n \u00b0 256) les int\u00e8gre de mani\u00e8re critique, mais encore dans le contexte de la l\u00e9gitimit\u00e9 royale avant 1884.<\/p>\n<p>L&#8217;opaque composition rural ( \u00e0 gauche) en fait le th\u00e8me principal dans ses trois structures, visible de loin. Elle utilise la silhouette et la superstructure de la canonni\u00e8re allemande \u00abSMS Olga\u00bb comme mod\u00e8le et gagne ainsi de l&#8217;espace suppl\u00e9mentaire pour faire place \u00e0 de nouvelles relations et significations sans que les anciennes ne disparaissent.<\/p>\n<p>Au c\u0153ur de cela est probablement l&#8217;appropriation du christianisme. Mais je ne peux m&#8217;emp\u00eacher de penser que des esprits \u00e9trang\u00e9rs entrent triomphalement ici. Le point culminant de la maquette de navire est le Christ \u00abblanc\u00bb, un \u00e9trange esprit. Ici, la citation de Ren\u00e9 Bureau dans la premi\u00e8re partie est frappante: \u00ab<em>C\u2019est le Blanc qui a apport\u00e9 la R\u00e9ligion<\/em>\u00bb.<\/p>\n<p>Au-dessus d&#8217;une coque puissante, orn\u00e9e d&#8217;une guirlande de rhombes color\u00e9s (voir n \u00b0 256; 1999, pp. 90\/91), il y a deux grands hommes blancs sur le pont principal. Un bras supporte une structure rouge &#8211; une table d&#8217;autel? &#8211; qui \u00e0 son tour porte un &#8222;tympan&#8220; avec la b\u00e9n\u00e9diction du Christ. La couche blanche nuageuse au-dessus signifie-t-elle un auvent?<\/p>\n<div id=\"attachment_11232\" style=\"width: 180px\" class=\"wp-caption alignleft\"><a href=\"http:\/\/detlev.von.graeve.org\/wp-content\/uploads\/2020\/04\/Timmers-Tympanon-13.Jh_.-Zwolle-NL.jpg\"><img loading=\"lazy\" decoding=\"async\" aria-describedby=\"caption-attachment-11232\" class=\"size-thumbnail wp-image-11232\" src=\"http:\/\/detlev.von.graeve.org\/wp-content\/uploads\/2020\/04\/Timmers-Tympanon-13.Jh_.-Zwolle-NL-170x150.jpg\" alt=\"\" width=\"170\" height=\"150\" \/><\/a><p id=\"caption-attachment-11232\" class=\"wp-caption-text\">Tympan de Timmer 13e si\u00e8cle Zwolle NL<\/p><\/div>\n<p>\u00abTympan\u00bb est le nom d&#8217;un champ d&#8217;arc en plein cintre au-dessus d&#8217;un portail d&#8217;\u00e9glise. \u00bbCe lieu devient le centre des bijoux architecturaux des \u00e9glises romanes et gothiques en Europe. Une image populaire dans les petits exemplaires est la figure du Christ flanqu\u00e9e de saints (en particulier Pierre et Paul). \u00bb (Wikipedia.de) &#8211; Co\u00efncidence? Juste un retable? D&#8217;o\u00f9 est venue l&#8217;inspiration pour cette r\u00e9plique? D&#8217;une \u00e9glise \u00e0 Duala?<\/p>\n<p>Avec l&#8217;autre bras, les hommes s&#8217;appuient-ils sur une balustrade sugg\u00e9r\u00e9e ou plut\u00f4t sur un pot de rhum stylis\u00e9? Le rhum est un troc tr\u00e8s important depuis des si\u00e8cles. Sur le <em>Tange<\/em> du <em>King Lock Priso<\/em> (n\u00b0 236), des pots de rhum ont \u00e9t\u00e9 plac\u00e9s en haut, tandis que sur mon mod\u00e8le, la croix surmonte tout.<br \/>\nLes hommes ont de grandes mains avec des doigts crant\u00e9s. Ils se tiennent solidement sur leurs pieds et ont des traits faciaux prononc\u00e9s, pour ne pas dire \u00abdurs\u00bb. Les \u00e9trangers que les Douala ont connu depuis longtemps.<\/p>\n<p>Mais devant eux &#8211; juste au-dessus du serpent g\u00e9ant combattant l&#8217;oiseau &#8211; deux chefs Douala se tiennent triomphalement dans le costume d\u2019officier!<\/p>\n<h4>\u00c0 L&#8217;AVANT, DIRECTEMENT AU-DESSUS DE LA PROUE, DEUX CHEFS PORTENT DES PORTAILS d&#8217;\u00c9GLISE COMME DES SERPENTS G\u00c9ANTS\u00a0 <span style=\"color: #ff0000;\">*<\/span><strong><br \/>\n<\/strong><\/h4>\n<p>Les deux \u00abh\u00e9ros\u00bb (1999, p. 90) en uniformes navals du d\u00e9but du XIXe si\u00e8cle portent des arcades sur la t\u00eate, tout comme les porteurs africains portent des charges.<\/p>\n<p>Ils tiennent avec leurs bras et leurs mains surdimensionn\u00e9es deux serpents forts et noirs, tachet\u00e9s de blanc, et pressent leurs t\u00eates verticalement sur le sol. M\u00eame le dos de leurs mains donne une impression de force. Les serpents se transforment en parois lat\u00e9rales du portail de l&#8217;\u00e9glise, ils changent \u00e9galement de couleur.<\/p>\n<p>Les deux \u00e9l\u00e9ments en bois ont des poign\u00e9es rhombiques, on peut donc les porter individuellement comme sceptre.<\/p>\n<div id=\"attachment_11222\" style=\"width: 562px\" class=\"wp-caption aligncenter\"><a href=\"http:\/\/detlev.von.graeve.org\/wp-content\/uploads\/2020\/04\/PC290068-scaled-e1588196595732.jpg\"><img loading=\"lazy\" decoding=\"async\" aria-describedby=\"caption-attachment-11222\" class=\"wp-image-11222\" src=\"http:\/\/detlev.von.graeve.org\/wp-content\/uploads\/2020\/04\/PC290068-scaled-e1588196595732-776x900.jpg\" alt=\"\" width=\"552\" height=\"640\" srcset=\"http:\/\/detlev.von.graeve.org\/wp-content\/uploads\/2020\/04\/PC290068-scaled-e1588196595732-776x900.jpg 776w, http:\/\/detlev.von.graeve.org\/wp-content\/uploads\/2020\/04\/PC290068-scaled-e1588196595732-311x360.jpg 311w, http:\/\/detlev.von.graeve.org\/wp-content\/uploads\/2020\/04\/PC290068-scaled-e1588196595732-624x723.jpg 624w, http:\/\/detlev.von.graeve.org\/wp-content\/uploads\/2020\/04\/PC290068-scaled-e1588196595732.jpg 792w\" sizes=\"auto, (max-width: 552px) 100vw, 552px\" \/><\/a><p id=\"caption-attachment-11222\" class=\"wp-caption-text\">Dimensions\u00a0: 27,5 (gauche) \/ 26 cm de haut, 9,5 cm de large, jusqu&#8217;\u00e0 1,9 cm d&#8217;\u00e9paisseur chacun 60g<\/p><\/div>\n<h4 style=\"text-align: center;\"><strong>DEUX CROIX CHR\u00c9TIENNES OU <\/strong><strong>SIGNES DE TERRAIN<\/strong><strong> SONT MONT\u00c9ES DANS LE CENTRE<\/strong><\/h4>\n<div id=\"attachment_11231\" style=\"width: 276px\" class=\"wp-caption alignright\"><a href=\"http:\/\/detlev.von.graeve.org\/wp-content\/uploads\/2020\/04\/Kreuze-PC290067.jpg\"><img loading=\"lazy\" decoding=\"async\" aria-describedby=\"caption-attachment-11231\" class=\"wp-image-11231\" src=\"http:\/\/detlev.von.graeve.org\/wp-content\/uploads\/2020\/04\/Kreuze-PC290067-343x360.jpg\" alt=\"\" width=\"266\" height=\"279\" srcset=\"http:\/\/detlev.von.graeve.org\/wp-content\/uploads\/2020\/04\/Kreuze-PC290067-343x360.jpg 343w, http:\/\/detlev.von.graeve.org\/wp-content\/uploads\/2020\/04\/Kreuze-PC290067-859x900.jpg 859w, http:\/\/detlev.von.graeve.org\/wp-content\/uploads\/2020\/04\/Kreuze-PC290067-624x654.jpg 624w, http:\/\/detlev.von.graeve.org\/wp-content\/uploads\/2020\/04\/Kreuze-PC290067.jpg 954w\" sizes=\"auto, (max-width: 266px) 100vw, 266px\" \/><\/a><p id=\"caption-attachment-11231\" class=\"wp-caption-text\">Dimensions : 20,5 cm de haut, 9 &#8211; 9,4 cm de large, 2 cm d&#8217;\u00e9paisseur, 70 g chacun<\/p><\/div>\n<div id=\"attachment_11233\" style=\"width: 243px\" class=\"wp-caption alignleft\"><a href=\"http:\/\/detlev.von.graeve.org\/wp-content\/uploads\/2020\/04\/Weihekreuz-Kors_Slidredomen.jpg\"><img loading=\"lazy\" decoding=\"async\" aria-describedby=\"caption-attachment-11233\" class=\"wp-image-11233\" src=\"http:\/\/detlev.von.graeve.org\/wp-content\/uploads\/2020\/04\/Weihekreuz-Kors_Slidredomen-299x360.jpg\" alt=\"\" width=\"233\" height=\"280\" srcset=\"http:\/\/detlev.von.graeve.org\/wp-content\/uploads\/2020\/04\/Weihekreuz-Kors_Slidredomen-299x360.jpg 299w, http:\/\/detlev.von.graeve.org\/wp-content\/uploads\/2020\/04\/Weihekreuz-Kors_Slidredomen-748x900.jpg 748w, http:\/\/detlev.von.graeve.org\/wp-content\/uploads\/2020\/04\/Weihekreuz-Kors_Slidredomen-1277x1536.jpg 1277w, http:\/\/detlev.von.graeve.org\/wp-content\/uploads\/2020\/04\/Weihekreuz-Kors_Slidredomen-624x751.jpg 624w, http:\/\/detlev.von.graeve.org\/wp-content\/uploads\/2020\/04\/Weihekreuz-Kors_Slidredomen.jpg 1360w\" sizes=\"auto, (max-width: 233px) 100vw, 233px\" \/><\/a><p id=\"caption-attachment-11233\" class=\"wp-caption-text\">Croix de cons\u00e9cration Kors_Slidredomen<\/p><\/div>\n<p>&nbsp;<\/p>\n<p>&nbsp;<\/p>\n<p>&nbsp;<\/p>\n<p>&nbsp;<\/p>\n<p>&nbsp;<\/p>\n<p>&nbsp;<\/p>\n<p>&nbsp;<\/p>\n<h6><\/h6>\n<p>\u00abDes \u00e9l\u00e9ments \u00e9trangers et traditionnels (y) sont fusionn\u00e9s\u00bb (Kecsk\u00e9si 1999 p.90). Je ne peux que fantasmer librement sur leurs capuches: une m\u00e9duse rouge ou un autre visage fantomatique (yeux inclin\u00e9s et bouche ouverte) au-dessus.<\/p>\n<p>Une association avec les croix rouges et blanches \u00ab portugaises \u00bb sur les colonnes est plus plausible. On pense aux Portugais, qui furent aussi les premiers Europ\u00e9ens dans le delta du Wouri. En tant que \u00abcroix de cons\u00e9cration\u00bb dans les b\u00e2timents des \u00e9glises, la forme \u00e9tait de toute fa\u00e7on largement r\u00e9pandue en Europe, par exemple comme signe de la b\u00e9n\u00e9diction apr\u00e8s les travaux de construction. Et pourquoi les pi\u00e8ces ne devraient-elles pas repr\u00e9senter \u00e9galement les deux courtes chemin\u00e9es du SMS Olga entre le premier et le deuxi\u00e8me m\u00e2t?<br \/>\nEn tout cas, les deux croix servent \u00e0 stabiliser la construction.<\/p>\n<p>Les supports rhombiques des signes deviennent \u00e9galement des poign\u00e9es pour les porter \u00e0 la main comme des sceptres ou comme des \u00ab masques \u00e0 main \u00bb &#8218; dans des processions comme aux danses rituelles, quelle que soit la signification symbolique de la forme rhombique.<\/p>\n<h3><strong>PAS OUBLIER SIX POUR CENT DE LONGUEUR: LA PIROGE TRADITIONNELLE<\/strong><strong><br \/>\n<\/strong><\/h3>\n<div id=\"attachment_11221\" style=\"width: 560px\" class=\"wp-caption aligncenter\"><a href=\"http:\/\/detlev.von.graeve.org\/wp-content\/uploads\/2020\/04\/PIROGE.jpg\"><img loading=\"lazy\" decoding=\"async\" aria-describedby=\"caption-attachment-11221\" class=\"wp-image-11221\" src=\"http:\/\/detlev.von.graeve.org\/wp-content\/uploads\/2020\/04\/PIROGE-900x360.jpg\" alt=\"\" width=\"550\" height=\"220\" srcset=\"http:\/\/detlev.von.graeve.org\/wp-content\/uploads\/2020\/04\/PIROGE-900x360.jpg 900w, http:\/\/detlev.von.graeve.org\/wp-content\/uploads\/2020\/04\/PIROGE-360x144.jpg 360w, http:\/\/detlev.von.graeve.org\/wp-content\/uploads\/2020\/04\/PIROGE-624x250.jpg 624w, http:\/\/detlev.von.graeve.org\/wp-content\/uploads\/2020\/04\/PIROGE.jpg 999w\" sizes=\"auto, (max-width: 550px) 100vw, 550px\" \/><\/a><p id=\"caption-attachment-11221\" class=\"wp-caption-text\">Dimensions\u00a0: Coque 960 g: 62 cm de long, 9 cm de large, avec des rames de 15 cm de haut<\/p><\/div>\n<p>La coque compacte avec seulement dix rameurs se r\u00e9tr\u00e9cit aux deux extr\u00e9mit\u00e9s. \u00c0 l&#8217;avant, des dispositifs techniques permettent d&#8217;ancrer le \u00ab <em>Tange<\/em> \u00bb surdimensionn\u00e9 avec un programme d&#8217;image complet.<\/p>\n<p>Puisque le c\u00f4ne d\u00e9passe visiblement du canot attach\u00e9, Kerstin Frost a pens\u00e9 \u00e0 un assemblage de diff\u00e9rents bateaux. Cependant, il n&#8217;y a pas d&#8217;espace dans l&#8217;ouverture verticale de la section m\u00e9diane pour la proue d&#8217;un canot plus grand.<\/p>\n<p>Dans la cavit\u00e9 de 33,5 cm de long de la coque, cinq bancs d&#8217;aviron sont fix\u00e9s de l&#8217;ext\u00e9rieur avec quatre clous chacun. Sur elle sont assis dix demi-figures mobiles, qui se terminent par des ceintures \u00e9tonnamment larges. Les bras crois\u00e9s, qui sont sci\u00e9s \u00e0 partir de contreplaqu\u00e9, sont attach\u00e9s de mani\u00e8re rotative aux \u00e9paules avec des clous et ont une finition noire brillante. Les trous permettent l&#8217;insertion de fines rames en forme de feuille. Ceux-ci sont sculpt\u00e9s \u00e0 la main et ont \u00e9t\u00e9 remplac\u00e9s plusieurs fois.<\/p>\n<p>Le torse et la t\u00eate sur les figures sont grossi\u00e8rement coup\u00e9s et liss\u00e9s. Les coques sont peintes en rouge et indiquent de belles chemises. Les muscles pectoraux et l&#8217;abdomen sup\u00e9rieur sont plastiquement travaill\u00e9s. Avec les ceintures, vous avez l&#8217;impression d&#8217;un corps masculin individuel. Les t\u00eates &#8211; \u00e0 l&#8217;exception de deux au premier rang &#8211; ont un front remarquablement large et solide. Des oreilles crant\u00e9es, des yeux fendus, un nez compact et une bouche compacte en dix formes diff\u00e9rentes sugg\u00e8rent d\u00e9termination. Les coiffures sont bross\u00e9es rapidement, mais semblent donc individuelles. Il n&#8217;y a plus rien \u00e0 dire sur cette \u00e9quipe.<\/p>\n<div class=\"tlid-result result-dict-wrapper\">\n<div class=\"result tlid-copy-target\">\n<div class=\"result-header\"><\/div>\n<\/div>\n<\/div>\n<h3 class=\"result-shield-container tlid-copy-target\" style=\"text-align: center;\" tabindex=\"0\"><span class=\"tlid-translation translation\" lang=\"fr\" style=\"color: #333333;\">(Feuille de notes 5 juin\/8 ao\u00fbt 2020)<br \/>\n<\/span><\/h3>\n<h3 style=\"text-align: center;\">R\u00e9sum\u00e9<\/h3>\n<p style=\"text-align: left;\"><span class=\"tlid-translation translation\" lang=\"fr\">L&#8217;all\u00e9gorie dramatique des chefs traditionnelles des Douala sur la planche longitudinale du <em>Tange<\/em> est \u00e9largie par de nouveaux facteurs &#8211;\u00a0 id\u00e9alis\u00e9s &#8211; sur les zones suppl\u00e9mentaires des superstructures: le christianisme largement accept\u00e9 et le r\u00e9gime commun avec les blancs.<br \/>\nContrairement au <em>Tange<\/em> des Lock Priso (n \u00b0 216, avant 1884), les th\u00e8mes principaux captivent l&#8217;attention avec leur propre niveau de repr\u00e9sentation. Ils relativisent la pirogue attach\u00e9e, qui ne repr\u00e9sente que la puissance militaire. Les avirons et les rameurs sont soigneusement \u00e9labor\u00e9s et pris au s\u00e9rieux, mais dans leur r\u00f4le traditionnel de gens de leur suite.<\/span><\/p>\n<p><a href=\"http:\/\/detlev.von.graeve.org\/wp-content\/uploads\/2020\/06\/pirogue-IMG_4960.jpg\"><img loading=\"lazy\" decoding=\"async\" class=\"aligncenter size-large wp-image-11782\" src=\"http:\/\/detlev.von.graeve.org\/wp-content\/uploads\/2020\/06\/pirogue-IMG_4960-900x606.jpg\" alt=\"\" width=\"625\" height=\"421\" srcset=\"http:\/\/detlev.von.graeve.org\/wp-content\/uploads\/2020\/06\/pirogue-IMG_4960-900x606.jpg 900w, http:\/\/detlev.von.graeve.org\/wp-content\/uploads\/2020\/06\/pirogue-IMG_4960-360x243.jpg 360w, http:\/\/detlev.von.graeve.org\/wp-content\/uploads\/2020\/06\/pirogue-IMG_4960-624x420.jpg 624w, http:\/\/detlev.von.graeve.org\/wp-content\/uploads\/2020\/06\/pirogue-IMG_4960.jpg 999w\" sizes=\"auto, (max-width: 625px) 100vw, 625px\" \/><\/a><\/p>\n<p>Comment mettre en balance la haute construction centrale des Blancs avec la position \u00abdominante\u00bb des chefs traditionnels en <span class=\"tlid-translation translation\" lang=\"fr\">avant <\/span><span class=\"tlid-translation translation\" lang=\"fr\">, des \u00abdompteurs de serpents\u00bb? Comment interpr\u00e9ter la r\u00e9partition des r\u00f4les entre les partenaires et concurrents? Les blancs seront-ils emport\u00e9s avec leur Christ triomphant? La confiance dans la nouvelle foi est d\u00e9montr\u00e9e sans signe visible de choc, d&#8217;intimidation ou de repentance. Ren\u00e9 Bureau a d\u00e9j\u00e0 soulign\u00e9 l&#8217;orientation pratique de la \u00abconversion\u00bb de Duala (voir 1\u00e8re partie du blog)<\/span><\/p>\n<p>L&#8217;artiste avait-il m\u00eame la forme d&#8217;une canonni\u00e8re comme &#8222;SMS Olga&#8220; en t\u00eate? Si oui, cela pourrait-il signifier la perspective de diriger le navire vous-m\u00eame. L&#8217;interpr\u00e9tation d\u00e9pend \u00e9galement du moment o\u00f9 l&#8217;objet a \u00e9t\u00e9 cr\u00e9\u00e9.<br \/>\nL&#8217;indication du marchand &#8222;il y a cent ans&#8220; se r\u00e9f\u00e8re aux premi\u00e8res ann\u00e9es de la &#8222;tutelle&#8220; franco-britannique apr\u00e8s 1919. L&#8217;\u00e9tat du bois sec et des couches de peinture jaunies y conviendraient parfaitement.<\/p>\n<p>La repr\u00e9sentation \u00e9voquerait un \u00abbon vieux temps\u00bb. Le marchand Maurice: \u00ab\u00a0 <em>Les Douala gardent un grand souvenir avec les Allemands jusqu&#8216; \u00e0 nos jours. Vous allez trouver dans la ville de Douala le foyer des marins 100% allemand. On trouve une grande repr\u00e9sentation des Allemands \u00e0 Douala <\/em><span class=\"tlid-translation translation\" lang=\"fr\"><em>Cameroun, m\u00eame dans le Mus\u00e9e des marins \/Maritime\/&#8230;<\/em><br \/>\n<em>Internet peut vous guider sur mes declaration&#8230;. La communaut\u00e9 Sawa partage beaucoup de partenariat avec les Allemands.<\/em> \u00bb (5.12.2019, traduction)<\/span><\/p>\n<p>&nbsp;<\/p>\n<div id=\"attachment_11775\" style=\"width: 195px\" class=\"wp-caption alignleft\"><a href=\"http:\/\/detlev.von.graeve.org\/wp-content\/uploads\/2020\/05\/Nelson-trafalgar-Uniform-flickr-2020-06-05-um-.jpg\"><img loading=\"lazy\" decoding=\"async\" aria-describedby=\"caption-attachment-11775\" class=\"wp-image-11775\" src=\"http:\/\/detlev.von.graeve.org\/wp-content\/uploads\/2020\/05\/Nelson-trafalgar-Uniform-flickr-2020-06-05-um--256x360.jpg\" alt=\"\" width=\"185\" height=\"260\" srcset=\"http:\/\/detlev.von.graeve.org\/wp-content\/uploads\/2020\/05\/Nelson-trafalgar-Uniform-flickr-2020-06-05-um--256x360.jpg 256w, http:\/\/detlev.von.graeve.org\/wp-content\/uploads\/2020\/05\/Nelson-trafalgar-Uniform-flickr-2020-06-05-um-.jpg 321w\" sizes=\"auto, (max-width: 185px) 100vw, 185px\" \/><\/a><p id=\"caption-attachment-11775\" class=\"wp-caption-text\">Nelson trafalgar Uniform flickr 2020-06-05<\/p><\/div>\n<p>&nbsp;<\/p>\n<p style=\"text-align: left;\"><span class=\"tlid-translation translation\" lang=\"fr\">Mais la domination coloniale allemande est-elle un probl\u00e8me? La coupe arrondie des uniformes navals des chefs de clan appartient \u00e0 l&#8217;\u00e9poque bien ant\u00e9rieure au &#8222;contrat de protection&#8220;, au tournant du XIXe si\u00e8cle (un exemple est l&#8217;uniforme de Trafalgar de Lord Nelson). Le christianisme des Blancs est apparu \u00e0 Duala en 1845. L&#8217;affichage du bateau aurait donc historiquement id\u00e9alis\u00e9\u00a0 ou aurait des objects pr\u00e9d\u00e9cesseurs plus anciens. Plus de questions que de r\u00e9ponses!<\/span><\/p>\n<p>&nbsp;<\/p>\n<p><span style=\"color: #ff0000;\">*<\/span><\/p>\n<p style=\"text-align: left;\"><span class=\"tlid-translation translation\" lang=\"fr\">Pendant des d\u00e9cennies, l&#8217;objet a repr\u00e9sent\u00e9 la l\u00e9gitimit\u00e9 du chef traditionnel d&#8217;une chefferie, une l\u00e9gitimit\u00e9 qui a \u00e9t\u00e9 remise en question \u00e0 plusieurs reprises depuis l&#8217;\u00e9poque coloniale, en particulier par les Africains modernes (&lt;&lt; \u00c9volues &gt;&gt;) dans l&#8217;appareil d&#8217;\u00c9tat colonial et post-colonial jusqu&#8217;\u00e0 nos jours. La partie 2 du blog rend compte de deux conflits de g\u00e9n\u00e9ration moderne \u00e0 la p\u00e9riph\u00e9rie de Dualas.<\/span><\/p>\n<div class=\"tlid-results-container results-container\">\n<div class=\"tlid-result result-dict-wrapper\">\n<div class=\"result tlid-copy-target\">\n<div class=\"result-header\"><\/div>\n<\/div>\n<\/div>\n<\/div>\n<p><span class=\"tlid-translation translation\" lang=\"fr\">Ainsi l&#8217;objet bateau &#8211; sculpt\u00e9 pour l&#8217;apparence du chef du village lors d&#8217;occasions importantes &#8211; est probablement un document d&#8217;affirmation de la participation politique et des revendications de r\u00e8gle sociale. Le diff\u00e9rend de longue date avec le &#8222;Museum F\u00fcnf Kulturen&#8220; de Munich nous a pr\u00e9sent\u00e9 des \u00e9tudes soigneusement \u00e9tudi\u00e9es qui documentent, classent et discutent les int\u00e9r\u00eats et les arguments d&#8217;un ambitieux &#8222;chef n\u00e9o-traditionnel&#8220; et ex-professeur en Allemagne. <\/span><span class=\"tlid-translation translation\" lang=\"fr\">Anne Splettst\u00f6\u00dfer<\/span> <span class=\"tlid-translation translation\" lang=\"fr\">d\u00e9crit de telles \u00abdemandes de retour\u00bb de pr\u00e9tendus <\/span><span class=\"tlid-translation translation\" lang=\"fr\">\u00abinsignes\u00bb comme une \u00absc\u00e8ne\u00bb <span class=\"\" title=\"\">de la lutte\u00a0 pour \u00e9largir la sph\u00e8re d&#8217;influence dans l&#8217;\u00c9tat postcolonial<\/span> Cameroun.<\/span><br \/>\n<span class=\"tlid-translation translation\" lang=\"fr\">(<\/span><span class=\"tlid-translation translation\" lang=\"fr\">sous-section 3.2 et 3.3 de sa th\u00e8se doctorale.<\/span><span class=\"tlid-translation translation\" lang=\"fr\">)<br \/>\n<\/span><\/p>\n<p><span class=\"tlid-translation translation\" lang=\"fr\">Cela serait mat\u00e9riel pour un autre article de blog, car il \u00e9crase actuellement mes possibilit\u00e9s. Cependant, les trois \u00e9tudes mentionn\u00e9es ci-dessous peuvent \u00eatre lues et recherch\u00e9es librement au format pdf sur Internet. D&#8217;autres questions y trouvent une r\u00e9ponse pratique. Une seule chose doit \u00eatre claire: mon mod\u00e8le de bateau \u00abexcentrique\u00bb n&#8217;y figure pas non plus!<\/span><\/p>\n<h3 style=\"text-align: center;\">Notes bibliographiques\u00a0 2 (<span class=\"tlid-translation translation\" lang=\"fr\"><span class=\"\" title=\"\">les plus actuelles <\/span><\/span>)<\/h3>\n<ol>\n<li>Anne Splettst\u00f6\u00dfer : <em>\u00a0<a title=\"Ein Kameruner Kulturerbe? 130 Jahre geteilte Agency: Das Netzwerk Tange\/Schiffschnabel\" href=\"http:\/\/books.openedition.org\/gup\/547\">Ein Kameruner Kulturerbe? 130 Jahre geteilte Agency: Das Netzwerk Tange\/Schiffschnabel<\/a>\u00a0<\/em> in Stefan Groth, Regina F. Bendix, Achim Spiller (Hsgb.), <em>KULTUR ALS EIGENTUM<\/em>, G\u00f6ttingen University Press, 2015 ( als sch\u00f6nes 460 S. Taschenbuch 40\u20ac )<\/li>\n<li>Barbara Johanna Heuermann : <em>DER SCHIZOPHRENE SCHIFFSSCHNABEL \u2013 <\/em><em>BIOGRAPHIE EINES KOLONIALEN OBJEKTES UND DISKURS UM SEINE R\u00dcCKFORDERUNG IM <\/em><em>POSTKOLONIALEN M\u00dcNCHEN, <\/em>M\u00fcnchner Institution f\u00fcr Ethnologie, Band 17 Working Papers in Social and Cultural Anthropology, LMU MUNICH, Vol. 17 <a href=\"https:\/\/www.ethnologie.uni-muenchen.de\/aktuelles\/archiv\/20150820_news_veranstalt__2015\/heuermann_band_17\/index.html\" target=\"_blank\" rel=\"noopener noreferrer\">(LINK zum pdf)<\/a><\/li>\n<li>Anne Splettst\u00f6\u00dfer :\u00a0<em> <a href=\"http:\/\/detlev.von.graeve.org\/wp-content\/uploads\/2020\/05\/Kameruner-Kulturerbe-Anne-Splettstoe%C3%9Fer.pdf\">KAMERUNER KULTURERBE <\/a><\/em>\u2013 <em>Vom Umgang mit kolonialem Erbe aus Kamerun in ethnologischen Museen,\u00a0<\/em>G\u00f6ttinger Studien zu Cultural Property, Band 15, Universit\u00e4tsverlag G\u00f6ttingen 2019, Dissertation, 403 S. ( als sch\u00f6nes Taschenbuch 40\u20ac )<\/li>\n<\/ol>\n<h6 style=\"text-align: center;\"><\/h6>\n<div id=\"attachment_11280\" style=\"width: 302px\" class=\"wp-caption alignleft\"><a href=\"http:\/\/detlev.von.graeve.org\/wp-content\/uploads\/2020\/04\/Chefs-tradit-Ngondo.jpg\"><img loading=\"lazy\" decoding=\"async\" aria-describedby=\"caption-attachment-11280\" class=\"wp-image-11280 size-medium\" src=\"http:\/\/detlev.von.graeve.org\/wp-content\/uploads\/2020\/04\/Chefs-tradit-Ngondo-292x360.jpg\" alt=\"\" width=\"292\" height=\"360\" srcset=\"http:\/\/detlev.von.graeve.org\/wp-content\/uploads\/2020\/04\/Chefs-tradit-Ngondo-292x360.jpg 292w, http:\/\/detlev.von.graeve.org\/wp-content\/uploads\/2020\/04\/Chefs-tradit-Ngondo-624x768.jpg 624w, http:\/\/detlev.von.graeve.org\/wp-content\/uploads\/2020\/04\/Chefs-tradit-Ngondo.jpg 713w\" sizes=\"auto, (max-width: 292px) 100vw, 292px\" \/><\/a><p id=\"caption-attachment-11280\" class=\"wp-caption-text\"><span class=\"tlid-translation translation\" lang=\"fr\"><span class=\"\" title=\"\">ngobithe.blogspot.com 2013_12<\/span><\/span><\/p><\/div>\n<p>&nbsp;<\/p>\n<p><span class=\"tlid-translation translation\" lang=\"fr\"><span class=\"\" title=\"\">Un site Web de Duala, qui propage les festivals Ngondo \u00e0 Deido, montre une tribune avec des dignitaires du Duala \/ Sawa.<\/span> <span class=\"\" title=\"\">L&#8217;un d&#8217;eux a pos\u00e9 une figure noire brillante debout devant lui &#8211; style non-traditionnel dans la r\u00e9gion, mais vraisemblablement dans une fonction similaire \u00e0 celle de la maquette b\u00e2teau.<\/span> <\/span><\/p>\n<p>&nbsp;<\/p>\n<p>&nbsp;<\/p>\n<p>&nbsp;<\/p>\n<h6><\/h6>\n<div id=\"attachment_11281\" style=\"width: 230px\" class=\"wp-caption alignright\"><a href=\"http:\/\/detlev.von.graeve.org\/wp-content\/uploads\/2020\/04\/qwaq-Scho\u0308nheiten-Ngondo.jpg\"><img loading=\"lazy\" decoding=\"async\" aria-describedby=\"caption-attachment-11281\" class=\"wp-image-11281\" src=\"http:\/\/detlev.von.graeve.org\/wp-content\/uploads\/2020\/04\/qwaq-Scho\u0308nheiten-Ngondo-170x150.jpg\" alt=\"\" width=\"220\" height=\"170\" srcset=\"http:\/\/detlev.von.graeve.org\/wp-content\/uploads\/2020\/04\/qwaq-Scho\u0308nheiten-Ngondo-360x279.jpg 360w, http:\/\/detlev.von.graeve.org\/wp-content\/uploads\/2020\/04\/qwaq-Scho\u0308nheiten-Ngondo-624x483.jpg 624w, http:\/\/detlev.von.graeve.org\/wp-content\/uploads\/2020\/04\/qwaq-Scho\u0308nheiten-Ngondo.jpg 900w\" sizes=\"auto, (max-width: 220px) 100vw, 220px\" \/><\/a><p id=\"caption-attachment-11281\" class=\"wp-caption-text\"><span class=\"tlid-translation translation\" lang=\"fr\"><span class=\"\" title=\"\">ngobithe.blogspot.com 2013_12<\/span><\/span><\/p><\/div>\n<p><span class=\"tlid-translation translation\" lang=\"fr\"><span title=\"\">Et puis\u00a0 des reines de festival apparaissent. l&#8217;a<\/span><span class=\"\" title=\"\">daptation opportune \u00e0 la promotion du festival Ngondo aujourd&#8217;hui. <\/span><\/span><span class=\"tlid-translation translation\" lang=\"fr\"><span class=\"\" title=\"\">Comme Ren\u00e9 Bureau a \u00e9crit:<\/span> <span class=\"\" title=\"\">\u00abLe d\u00e9sir de tradition a \u00e9galement conduit \u00e0 des formes de folklore depuis les ann\u00e9es 1930.<\/span> <span class=\"\" title=\"\">Apr\u00e8s tout, ils donnent \u00e0 certaines personnes divers postes et dignit\u00e9s.<\/span> <span title=\"\">Les f\u00eates traditionnelles restent st\u00e9riles \u00bb.<\/span> <span class=\"\" title=\"\">(88-91; voir 1er blog)\u00a0 Mais la vie en Afrique est-elle avant tout une question de \u00abspiritualit\u00e9\u00bb?<br \/>\n<\/span><\/span><\/p>\n<article id=\"post-11203\" class=\"post-11203 post type-post status-publish format-standard hentry category-kamerun-duala\">\n<div class=\"entry-content\">\n<h6><\/h6>\n<h3 style=\"text-align: center;\">Notes bibliographiques 3 (<span class=\"tlid-translation translation\" lang=\"fr\"><span class=\"\" title=\"\">Suppl\u00e9ment \u00e0 la liste dans le 1er Blog<\/span><\/span>)<\/h3>\n<p>MARIA KECSK\u00c9SI: \u201cKUNST AUS DEM ALTEN AFRIKA\u201d- Sammlungen aus dem Staatlichen Museum f\u00fcr V\u00f6lkerkunde M\u00fcnchen Bd.2, 1982: historischer Kontext und Motivdeutungen der Tange S.222-229 \u201cDie Duala und ihre Boote\u201d Katalog-Nummern 235, 236; S. 232ff. \u201cDie Kunst des westlichen Kameruner Waldlandes\u201d<\/p>\n<p>MARIA KECSK\u00c9SI: \u201cKUNST AUS\u00a0 AFRIKA \u2013 Museum f\u00fcr V\u00f6lkerkunde M\u00fcnchen\u201d-Prestel Verlag 1999) S. 90f. Kat. 82 (= 236 oben) \u201cSchiffsschnabel tange\u201d<\/p>\n<p>Alexis v. Poser (Hrsg.), Bianca Baumann (Hrsg.), Claudia Andratschke u.a.: \u201cheikles erbe \u2013 koloniale spuren bis in die gegenwart\u201d, Nieders\u00e4chsisches Landesmuseum Hannover,Sandstein Verlag Dresden 2016): \u00dcber koloniales Sammeln (mit JKurzbiografien), Provenienzforschung in ethnografischen Sammlungen ud die Katalog-Nummern 144 \u2013 147<\/p>\n<p>ISABELLA BOSZA: \u201c<a href=\"http:\/\/detlev.von.graeve.org\/wp-content\/uploads\/2020\/05\/Geschenkt-gekauft-erbeutet_Forschungsbericht-Isabella-Bozsa.pdf\">Geschenkt, gekauft, erbeutet<\/a> \u2013 Missionarisches Sammeln in Kamerun und Indien\u201d; Museum der Kulturen Basel 2019 , <em>http:\/\/www.mkb.ch\/de\/museum\/\u00a0<\/em> \u00a0\u00a0 puis au \u201cFellowship\u201d et\u00a0 \u201cForschungsbericht\u201d, pour les chapitres\u00a0 3.1, 4., 4.3, 5.3 et 6.1<\/p>\n<\/div>\n<footer class=\"entry-meta\"><span class=\"edit-link\"><a class=\"post-edit-link\" href=\"http:\/\/detlev.von.graeve.org\/wp-admin\/post.php?post=11203&amp;action=edit\">Bearbeiten<\/a><\/span><\/footer>\n<\/article>\n<div id=\"comments\" class=\"comments-area\">\n<div id=\"respond\" class=\"comment-respond\">\n<h3 id=\"reply-title\" class=\"comment-reply-title\">Schreiben Sie einen Kommentar <small><\/small><\/h3>\n<form id=\"commentform\" class=\"comment-form\" action=\"http:\/\/detlev.von.graeve.org\/wp-comments-post.php\" method=\"post\">\n<p class=\"logged-in-as\"><a href=\"http:\/\/detlev.von.graeve.org\/wp-admin\/profile.php\" aria-label=\"Angemeldet als dvg. Profil bearbeiten.\">Angemeldet als dvg<\/a>. <a href=\"http:\/\/detlev.von.graeve.org\/wp-login.php?action=logout&amp;redirect_to=http%3A%2F%2Fdetlev.von.graeve.org%2F%3Fp%3D11203&amp;_wpnonce=6f2f04be0c\">Abmelden?<\/a><\/p>\n<p class=\"comment-form-comment\"><label for=\"comment\">Kommentar<\/label> <textarea id=\"comment\" cols=\"45\" maxlength=\"65525\" name=\"comment\" required=\"required\" rows=\"8\"><\/textarea><\/p>\n<\/form>\n<\/div>\n<\/div>\n<div id=\"primary\" class=\"site-content\">\n<div id=\"content\" role=\"main\">\n<div id=\"comments\" class=\"comments-area\">\n<div id=\"respond\" class=\"comment-respond\"><\/div>\n<\/div>\n<\/div>\n<\/div>\n<div id=\"secondary\" class=\"widget-area\" role=\"complementary\">\n<aside id=\"search-2\" class=\"widget widget_search\">\n<h3 class=\"widget-title\">Suche:<\/h3>\n<form id=\"searchform\" class=\"searchform\" role=\"search\" action=\"http:\/\/detlev.von.graeve.org\/\" method=\"get\">\n<div><label class=\"screen-reader-text\" for=\"s\">Suche nach:<\/label> <input id=\"s\" name=\"s\" type=\"text\" value=\"\" \/><\/div>\n<\/form>\n<\/aside>\n<\/div>\n<h3 class=\"widget-title\">Ausf\u00fchrliche Themenliste<\/h3>\n<form action=\"http:\/\/detlev.von.graeve.org\" method=\"get\"><label class=\"screen-reader-text\" for=\"cat\">Ausf\u00fchrliche Themenliste<\/label><\/form>\n<aside id=\"categories-2\" class=\"widget widget_categories\"><\/aside>\n<aside id=\"archives-3\" class=\"widget widget_archive\">\n<h3 class=\"widget-title\">Chronik<\/h3>\n<p><label class=\"screen-reader-text\" for=\"archives-dropdown-3\">Chronik<\/label><\/p>\n<\/aside>\n<div id=\"main\" class=\"wrapper\">\n<div id=\"secondary\" class=\"widget-area\" role=\"complementary\">\n<aside id=\"archives-3\" class=\"widget widget_archive\"><\/aside>\n<aside id=\"recent-posts-2\" class=\"widget widget_recent_entries\">\n<h3 class=\"widget-title\">NEU<\/h3>\n<ul>\n<li><a href=\"http:\/\/detlev.von.graeve.org\/?p=11828\">CORONA \u2013 ZEITEN<\/a> <span class=\"post-date\">11. Juli 2020<\/span><\/li>\n<li><a href=\"http:\/\/detlev.von.graeve.org\/?p=11906\">Popular paintings from the Congo on their way to the bin!<\/a> <span class=\"post-date\">22. Juni 2020<\/span><\/li>\n<li><a href=\"http:\/\/detlev.von.graeve.org\/?p=11722\">Popul\u00e4re Malereien vom Kongo auf dem Weg in die Tonne!<\/a> <span class=\"post-date\">19. Juni 2020<\/span><\/li>\n<li><a href=\"http:\/\/detlev.von.graeve.org\/?p=11812\">Feedback zur Jubil\u00e4umsnummer 29 der \u201cflusser-studies\u201d \u2013 englisch\/deutsch<\/a> <span class=\"post-date\">11. Juni 2020<\/span><\/li>\n<li><a href=\"http:\/\/detlev.von.graeve.org\/?p=11794\">Ch\u00e9ri Samba rend hommage \u00abaux anciens cr\u00e9ateurs\u00bb et \u00e0 Han Coray<\/a> <span class=\"post-date\">7. Juni 2020<\/span><\/li>\n<li><a href=\"http:\/\/detlev.von.graeve.org\/?p=11760\">Douala (3) \u2013 Description et interpr\u00e9tation de la maquette<\/a> <span class=\"post-date\">6. Juni 2020<\/span><\/li>\n<li><a href=\"http:\/\/detlev.von.graeve.org\/?p=11749\">Les Douala ont fa\u00e7onn\u00e9 l\u2019histoire du Cameroun \u2013 version fran\u00e7aise<\/a> <span class=\"post-date\">2. Juni 2020<\/span><\/li>\n<li><a href=\"http:\/\/detlev.von.graeve.org\/?p=11740\">Centi\u00e8me anniversaire de Vil\u00e9m Flusser \/ 100th anniversary of Vil\u00e9m Flusser<\/a> <span class=\"post-date\">1. Juni 2020<\/span><\/li>\n<li><a href=\"http:\/\/detlev.von.graeve.org\/?p=11713\">Marie-Alain Couturier (*1897) and the destroyed fetishes (1951)<\/a> <span class=\"post-date\">25. Mai 2020<\/span><\/li>\n<li><a href=\"http:\/\/detlev.von.graeve.org\/?p=11708\">Flusser w\u00e4re dieses Jahr Hundert geworden \u2026.. Hausarrest (FS 29)<\/a> <span class=\"post-date\">24. Mai 2020<\/span><\/li>\n<li><a href=\"http:\/\/detlev.von.graeve.org\/?p=9660\">Die Alten sind nicht so \u2018pink\u2019 wie im Weltkulturenmuseum! AKTUELL<\/a> <span class=\"post-date\">24. Mai 2020<\/span><\/li>\n<li><a href=\"http:\/\/detlev.von.graeve.org\/?p=11697\">Maquette de Piroque DOUALA \u2013 l\u2019Acquisition et cetera\u2026<\/a> <span class=\"post-date\">23. Mai 2020<\/span><\/li>\n<li><a href=\"http:\/\/detlev.von.graeve.org\/?p=11406\">Delcommune vs. Boma \u2013 Storms vs. Lusinga (Tervuren, ARTE)<\/a> <span class=\"post-date\">16. Mai 2020<\/span><\/li>\n<li><a href=\"http:\/\/detlev.von.graeve.org\/?p=11377\">Arte-Feature vs. Tervuren \u2013 Delcommune vs. Boma \u2013 Storms vs. Lusinga<\/a> <span class=\"post-date\">14. Mai 2020<\/span><\/li>\n<\/ul>\n<\/aside>\n<\/div>\n<\/div>\n<p><strong><span style=\"color: #ff0000;\">\u00a0<\/span><\/strong><\/p>\n","protected":false},"excerpt":{"rendered":"<p>Version francaise du 6. juin 2020 &#8211;\u00a0 version actuelle LIEN &gt; Part (2) et LIEN &gt; Part (1) en francais. Comp\u00e9tition h\u00e9raldique: Le drapeau commercial de l&#8217;Empire allemand avec une d\u00e9coration all\u00e9gorique sur le bec de bateau &#8211; et \u00e0 la poupe le drapeau encore plus grand du Roi Akwa. Sous le parasol se trouve [&hellip;]<\/p>\n","protected":false},"author":1,"featured_media":0,"comment_status":"open","ping_status":"closed","sticky":false,"template":"","format":"standard","meta":{"footnotes":""},"categories":[197,206],"tags":[],"class_list":["post-11760","post","type-post","status-publish","format-standard","hentry","category-duala-gabun-kongo","category-translations-traductions"],"_links":{"self":[{"href":"http:\/\/detlev.von.graeve.org\/index.php?rest_route=\/wp\/v2\/posts\/11760","targetHints":{"allow":["GET"]}}],"collection":[{"href":"http:\/\/detlev.von.graeve.org\/index.php?rest_route=\/wp\/v2\/posts"}],"about":[{"href":"http:\/\/detlev.von.graeve.org\/index.php?rest_route=\/wp\/v2\/types\/post"}],"author":[{"embeddable":true,"href":"http:\/\/detlev.von.graeve.org\/index.php?rest_route=\/wp\/v2\/users\/1"}],"replies":[{"embeddable":true,"href":"http:\/\/detlev.von.graeve.org\/index.php?rest_route=%2Fwp%2Fv2%2Fcomments&post=11760"}],"version-history":[{"count":19,"href":"http:\/\/detlev.von.graeve.org\/index.php?rest_route=\/wp\/v2\/posts\/11760\/revisions"}],"predecessor-version":[{"id":11971,"href":"http:\/\/detlev.von.graeve.org\/index.php?rest_route=\/wp\/v2\/posts\/11760\/revisions\/11971"}],"wp:attachment":[{"href":"http:\/\/detlev.von.graeve.org\/index.php?rest_route=%2Fwp%2Fv2%2Fmedia&parent=11760"}],"wp:term":[{"taxonomy":"category","embeddable":true,"href":"http:\/\/detlev.von.graeve.org\/index.php?rest_route=%2Fwp%2Fv2%2Fcategories&post=11760"},{"taxonomy":"post_tag","embeddable":true,"href":"http:\/\/detlev.von.graeve.org\/index.php?rest_route=%2Fwp%2Fv2%2Ftags&post=11760"}],"curies":[{"name":"wp","href":"https:\/\/api.w.org\/{rel}","templated":true}]}}