{"id":11406,"date":"2020-05-16T19:18:41","date_gmt":"2020-05-16T17:18:41","guid":{"rendered":"http:\/\/detlev.von.graeve.org\/?p=11406"},"modified":"2022-07-25T13:12:22","modified_gmt":"2022-07-25T11:12:22","slug":"arte-contre-tervuren-delcommune-contre-boma-lt-storms-contre-lusinga","status":"publish","type":"post","link":"http:\/\/detlev.von.graeve.org\/?p=11406","title":{"rendered":"Delcommune vs. Boma &#8211; Storms vs. Lusinga (Tervuren, ARTE)"},"content":{"rendered":"<h5 style=\"text-align: center;\">18 mai 2020\u00a0 |\u00a0<span style=\"color: #ff0000;\"><span style=\"color: #993300;\"> VERSION FRANCAISE\u00a0 |<\/span>\u00a0 <span style=\"color: #333333;\">Version allemande &gt; <a href=\"http:\/\/detlev.von.graeve.org\/?p=11377\" target=\"_blank\" rel=\"noopener noreferrer\">LINK<\/a><\/span> <\/span><strong><span style=\"color: #ff0000;\"><br \/>\n<\/span><\/strong><\/h5>\n<p style=\"text-align: left;\"><span style=\"color: #333333;\">DEUX ASPECTS D&#8216; UNE &#8222;ARTE &#8220; R\u00c9PORTAGE\u00a0 SUR LA \u00abD\u00c9COLONIALISATION\u00bb DU MUS\u00c9E TERVUREN<\/span><!--more--><\/p>\n<p>Le mus\u00e9e avait ouvert ses portes fin 2018 apr\u00e8s des ann\u00e9es de reconstruction. <span class=\"tlid-translation translation\" lang=\"fr\"><span class=\"\" title=\"\">Il \u00e9tait \u00e9vident<\/span><\/span><span class=\"tlid-translation translation\" lang=\"fr\"><span class=\"\" title=\"\">, le mus\u00e9e de Tervuren \u00e9tait soumis \u00e0 un examen politique hostile et devait d\u00e9montrer le succ\u00e8s d&#8217;un \u00ab<\/span><\/span><span class=\"tlid-translation translation\" lang=\"fr\"><span class=\"\" title=\"\">processus<\/span><\/span> <span class=\"tlid-translation translation\" lang=\"fr\"><span class=\"\" title=\"\">de purification<\/span><\/span><span class=\"tlid-translation translation\" lang=\"fr\"><span class=\"\" title=\"\">\u00bb s&#8217;\u00e9talant sur cinq ans.<\/span>\u00a0<\/span><\/p>\n<p>Puis en octobre 2019, j&#8217;ai vu un long m\u00e9trage produit par la t\u00e9l\u00e9vision belge pour ARTE: \u00abTotems und Tabus &#8211; Belgiens Kolonialmuseum\u00bb. Dans ce &#8218;feature&#8216;, les repr\u00e9sentants de Tervuren ont insist\u00e9 sur une toute nouvelle orientation de facon simplificatrice pour ne pas entamer l&#8217;effet publicitaire. Je n&#8216; ai pu v\u00e9rifier mon impression, parce que le film a vite disparu de la m\u00e9diath\u00e8que ARTE; je n&#8217;ai su qu&#8217;enregistrer quelques captures d&#8217;\u00e9cran. Mais j&#8217;ai appr\u00e9ci\u00e9 une phrase d&#8217;un chercheur dans ce film: Reprenant l&#8217;exemple d&#8217;un tableau de J\u00e9r\u00f4me Bosch au Prado, il a rappel\u00e9 le public que \u00abl&#8217;histoire coloniale et postcoloniale d&#8217;un objet appartient aussi \u00e0 son histoire\u00bb.<\/p>\n<p>Depuis la r\u00e9-ouverture, les positions intellectuelles sur le pass\u00e9 colonial se sont durcies, autant que je puisse en juger de l&#8217;ext\u00e9rieur via le internet. Je suis heureux que personne ne me demande de prendre parti. Cependant, je ne peux pas ignorer silencieusement les deux pr\u00e9sentations path\u00e9tiques d&#8217;objets \u00absacr\u00e9s vol\u00e9s\u00bb dans le film, car \u00e0 mon avis elles d\u00e9forment leur sens et les circonstances de leur transfert en Belgique.<\/p>\n<p>&nbsp;<\/p>\n<h3 style=\"text-align: center;\"><strong>Delacommune vs. \u00ab\u00a0Roi\u00a0\u00bb de Boma<\/strong><\/h3>\n<p>Un an plus t\u00f4t, j&#8217;avais lu le rapport d\u00e9taill\u00e9 de <strong>Maarten Couttenier<\/strong> sur ses recherches du <em>Nkisi<\/em> de Boma (<a href=\"https:\/\/www.bmgn-lchr.nl\/articles\/10.18352\/bmgn-lchr.10553\/\" target=\"_blank\" rel=\"noopener noreferrer\">LINK<\/a>). <span class=\"tlid-translation translation\" lang=\"fr\"><span class=\"\" title=\"\">J&#8217;avais le racont\u00e9 en allemand avec des mots forts.<\/span> <span class=\"\" title=\"\">(court et plein d&#8217;action;\u00a0<\/span><\/span> (<a href=\"http:\/\/detlev.von.graeve.org\/?p=9537\" target=\"_blank\" rel=\"noopener noreferrer\">LINK anglais<\/a>).<\/p>\n<p><span class=\"tlid-translation translation\" lang=\"fr\"><span class=\"\" title=\"\">L&#8217;accusation de \u00abvol d&#8217;objets sacr\u00e9s\u00bb est soulev\u00e9e trop souvent par des intellectuels \u00abayant une conception plus humaniste qu&#8217;anthropologique de la religion\u00bb (L\u00e9on Siroto).<\/span> <span class=\"\" title=\"\">En Allemagne, je soup\u00e7onne une strat\u00e9gie rh\u00e9torique, car \u00absakral\u00bb en tant que mot \u00e9tranger inqui\u00e9tant est g\u00e9n\u00e9ralement assimil\u00e9 \u00e0 \u00abheilig\u00bb et partage sa coloration positive.<\/span> <span class=\"\" title=\"\">Un catholique peut adorer des &#8222;saints&#8220;, mais aussi fera confiance \u00e0 leur gentillesse.<\/span> <span class=\"\" title=\"\">Il n&#8217;y a aucune ambivalence.<\/span> <span class=\"\" title=\"\">Dans le film, l&#8217;expert africain semble <\/span><\/span><span class=\"tlid-translation translation\" lang=\"fr\"><span class=\"\" title=\"\">argumenter <\/span><\/span><span class=\"tlid-translation translation\" lang=\"fr\"><span class=\"\" title=\"\">dans ce sens lorsqu&#8217;il insiste unilat\u00e9ralement sur la \u00abprotection de la communaut\u00e9\u00bb <\/span><\/span><span class=\"tlid-translation translation\" lang=\"fr\"><span class=\"\" title=\"\">par le f\u00e9tiche de Boma<\/span><\/span><span class=\"tlid-translation translation\" lang=\"fr\"><span class=\"\" title=\"\">.<\/span> <span class=\"\" title=\"\">Est-ce l\u00e0 l&#8217;influence de \u00abl&#8217;\u00e9ducation chr\u00e9tienne\u00bb?<\/span> <span class=\"\" title=\"\">Comme Achille Mbembe l&#8217;a conc\u00e9d\u00e9 de son &#8218;\u00e9cole catholique \u00e0 Yaund\u00e9 sur sa r\u00e9flexion en 1992?<\/span> <span title=\"\">(FAZ 9.5.2020, p.9: &#8222;Isra\u00ebl, les Juifs et Nous&#8220;)<\/span><\/span><br \/>\nLes f\u00e9tiches sont au moins ambivalents en Afrique, car leur potentiel d&#8217;endommager est \u00e9vident. En fin de compte, toute personne en mesure de payer peut avoir un acte f\u00e9tiche gr\u00e2ce \u00e0 un \u00abmagicien des d\u00e9g\u00e2ts\u00bb (Preston-Blier (<a href=\"http:\/\/detlev.von.graeve.org\/?p=6686\" target=\"_blank\" rel=\"noopener noreferrer\">LINK<\/a>); Strother <a href=\"http:\/\/detlev.von.graeve.org\/?p=8320\" target=\"_blank\" rel=\"noopener noreferrer\">(LINK<\/a>)<\/p>\n<p>Une divergence sur les \u00abvaleurs\u00bb au sujet du \u00absacr\u00e9\u00bb est probablement in\u00e9vitable.<\/p>\n<div id=\"attachment_11386\" style=\"width: 370px\" class=\"wp-caption alignleft\"><a href=\"http:\/\/detlev.von.graeve.org\/wp-content\/uploads\/2020\/01\/Goma-Kings-screenshot-2019-10-09.jpg\"><img loading=\"lazy\" decoding=\"async\" aria-describedby=\"caption-attachment-11386\" class=\"size-medium wp-image-11386\" src=\"http:\/\/detlev.von.graeve.org\/wp-content\/uploads\/2020\/01\/Goma-Kings-screenshot-2019-10-09-360x225.jpg\" alt=\"\" width=\"360\" height=\"225\" srcset=\"http:\/\/detlev.von.graeve.org\/wp-content\/uploads\/2020\/01\/Goma-Kings-screenshot-2019-10-09-360x225.jpg 360w, http:\/\/detlev.von.graeve.org\/wp-content\/uploads\/2020\/01\/Goma-Kings-screenshot-2019-10-09-900x563.jpg 900w, http:\/\/detlev.von.graeve.org\/wp-content\/uploads\/2020\/01\/Goma-Kings-screenshot-2019-10-09-624x390.jpg 624w, http:\/\/detlev.von.graeve.org\/wp-content\/uploads\/2020\/01\/Goma-Kings-screenshot-2019-10-09.jpg 1000w\" sizes=\"auto, (max-width: 360px) 100vw, 360px\" \/><\/a><p id=\"caption-attachment-11386\" class=\"wp-caption-text\">Goma-Kings screenshot 2019-10-09<\/p><\/div>\n<p>Soit dit en passant, les agences \u00e9trang\u00e8res (Faktoreien) ne b\u00e9n\u00e9ficiaient pas encore de la protection d&#8217;une puissance coloniale. Les neuf \u00abrois de Goma\u00bb \u00e0 l&#8217;embouchure du Congo \u00e9taient des partenaires commerciaux et les ont \u00e9loign\u00e9s avec succ\u00e8s de l&#8217;int\u00e9rieur. Lorsque la s\u00e9cheresse et une famine d\u00e9vastatrice\u00a0 ont tu\u00e9 en 1878 environ un quart de la population et appauvri les riches, les \u00abrois de Boma\u00bb \u00ab en violation du contrat \u00bb ont augment\u00e9 les droits d&#8217;exportation. En d\u00e9sespoir de cause, les rois de Boma ont tax\u00e9 le commerce si haut qu&#8217;il a compl\u00e8tement disparu, \u00e9crit MacGaffey (&#8222;phase finale&#8220; (deutsch) dans le <a href=\"http:\/\/detlev.von.graeve.org\/?p=4251\" target=\"_blank\" rel=\"noopener noreferrer\">LINK<\/a>).<\/p>\n<div id=\"attachment_11385\" style=\"width: 300px\" class=\"wp-caption alignright\"><a href=\"http:\/\/detlev.von.graeve.org\/wp-content\/uploads\/2020\/01\/Faktoristen-Delcommune-screenshot-2019-10-09-um-21.59.44.jpg\"><img loading=\"lazy\" decoding=\"async\" aria-describedby=\"caption-attachment-11385\" class=\"wp-image-11385\" src=\"http:\/\/detlev.von.graeve.org\/wp-content\/uploads\/2020\/01\/Faktoristen-Delcommune-screenshot-2019-10-09-um-21.59.44-360x225.jpg\" alt=\"\" width=\"290\" height=\"181\" srcset=\"http:\/\/detlev.von.graeve.org\/wp-content\/uploads\/2020\/01\/Faktoristen-Delcommune-screenshot-2019-10-09-um-21.59.44-360x225.jpg 360w, http:\/\/detlev.von.graeve.org\/wp-content\/uploads\/2020\/01\/Faktoristen-Delcommune-screenshot-2019-10-09-um-21.59.44-900x563.jpg 900w, http:\/\/detlev.von.graeve.org\/wp-content\/uploads\/2020\/01\/Faktoristen-Delcommune-screenshot-2019-10-09-um-21.59.44-624x390.jpg 624w, http:\/\/detlev.von.graeve.org\/wp-content\/uploads\/2020\/01\/Faktoristen-Delcommune-screenshot-2019-10-09-um-21.59.44.jpg 1000w\" sizes=\"auto, (max-width: 290px) 100vw, 290px\" \/><\/a><p id=\"caption-attachment-11385\" class=\"wp-caption-text\">commercant Delcommune et coll\u00e8gues (?) screenshot 2019-10-09<\/p><\/div>\n<p>Les agences ont remport\u00e9 un affrontement militaire \u00e0 la fin de l&#8217;ann\u00e9e. Le n\u00e9gociant A. Delcommune a captur\u00e9 avec ses quinze (!) mercenaires africains dans le style du Far West le \u00abWar Fetish\u00bb de l&#8217;un des neuf rois Boma. Couttenier apprend les circonstances du changement de propri\u00e9taire \u00e0 partir des notes de Delcommune &#8211; et quelque chose sur la valeur mon\u00e9taire du f\u00e9tiche. Le n\u00e9gociant belge a utilis\u00e9 son effet dissuasif pour prot\u00e9ger l&#8217;entrep\u00f4t des voleurs. Pourquoi devrait-il remettre cette \u00abpolice d&#8217;assurance\u00bb gratuite d&#8217;embl\u00e9e? Aucun des \u00abrois\u00bb africains de Goma n&#8217;aurait fait cela sans un accord rentable. Cent quarente ans apr\u00e8s , le \u00abpetit-fils\u00bb du roi d\u00e9clare que sa famille a besoin du f\u00e9tiche et qu&#8217;il veut le r\u00e9cup\u00e9rer. Il s&#8217;agit probablement aussi d&#8217;une source de revenus.<\/p>\n<div>\n<div tabindex=\"0\"><span lang=\"fr\">\u00a0<\/span><\/div>\n<\/div>\n<div class=\"tlid-result-transliteration-container result-transliteration-container transliteration-container\"><\/div>\n<div id=\"attachment_11396\" style=\"width: 265px\" class=\"wp-caption alignleft\"><a href=\"http:\/\/detlev.von.graeve.org\/wp-content\/uploads\/2020\/05\/Boma-Nkisi-\u201eEO.0.0.7943\u201c.jpg\"><img loading=\"lazy\" decoding=\"async\" aria-describedby=\"caption-attachment-11396\" class=\"size-medium wp-image-11396\" src=\"http:\/\/detlev.von.graeve.org\/wp-content\/uploads\/2020\/05\/Boma-Nkisi-\u201eEO.0.0.7943\u201c-255x360.jpg\" alt=\"\" width=\"255\" height=\"360\" srcset=\"http:\/\/detlev.von.graeve.org\/wp-content\/uploads\/2020\/05\/Boma-Nkisi-\u201eEO.0.0.7943\u201c-255x360.jpg 255w, http:\/\/detlev.von.graeve.org\/wp-content\/uploads\/2020\/05\/Boma-Nkisi-\u201eEO.0.0.7943\u201c-637x900.jpg 637w, http:\/\/detlev.von.graeve.org\/wp-content\/uploads\/2020\/05\/Boma-Nkisi-\u201eEO.0.0.7943\u201c-1087x1536.jpg 1087w, http:\/\/detlev.von.graeve.org\/wp-content\/uploads\/2020\/05\/Boma-Nkisi-\u201eEO.0.0.7943\u201c-624x882.jpg 624w, http:\/\/detlev.von.graeve.org\/wp-content\/uploads\/2020\/05\/Boma-Nkisi-\u201eEO.0.0.7943\u201c.jpg 1241w\" sizes=\"auto, (max-width: 255px) 100vw, 255px\" \/><\/a><p id=\"caption-attachment-11396\" class=\"wp-caption-text\">Boma Nkisi \u201eEO.0.0.7943\u201c<\/p><\/div>\n<p><span class=\"tlid-translation translation\" lang=\"fr\">Grande et envelopp\u00e9e de ces chiffons, la silhouette est vraiment impressionnante. Mais contrairement au p\u00e8re M.A.Couturier (<a href=\"http:\/\/detlev.von.graeve.org\/?p=9580\" target=\"_blank\" rel=\"noopener noreferrer\">LINK<\/a> allemand; engl. <a href=\"http:\/\/detlev.von.graeve.org\/?p=11713\" target=\"_blank\" rel=\"noopener\">LINK<\/a>), je ne veux pas voir ce f\u00e9tiche comme un &#8222;art&#8220; au sens europ\u00e9en, m\u00eame si son aspect esth\u00e9tique est sans aucun doute pertinent pour son effet. Wyatt MacGaffey souligne la constante anthropologique fondamentalement triviale selon laquelle presque tous les sens sont impliqu\u00e9s dans l&#8217;effet d&#8217;un objet (<a href=\"http:\/\/detlev.von.graeve.org\/?p=4445\" target=\"_blank\" rel=\"noopener noreferrer\">LINK<\/a>). <\/span><\/p>\n<p><span class=\"tlid-translation translation\" lang=\"fr\">Ou d&#8217;un autre point de vue: les puissants vont bien. Dans le film, j&#8217;ai remarqu\u00e9 la sc\u00e8ne naturellement non comment\u00e9e dans laquelle le dictateur Mobutu se pr\u00e9lassait sur un tr\u00f4ne beaucoup trop grand comme un souverain traditionnel. (Un dictateur africain peut-il se voir refuser un traumatisme colonial personnel d\u00e8s le d\u00e9part?)<\/span><\/p>\n<p>&nbsp;<\/p>\n<h3 style=\"text-align: center;\">Storms contre Lusinga<\/h3>\n<p>Pour le deuxi\u00e8me exemple d&#8217;objet, je trouve une monographie d&#8216;<strong>Allan F. Roberts<\/strong>, un expert de l&#8217;UCLA pour l&#8217;histoire et l&#8217;art de l&#8217;est du Congo: &#8222;<strong>A Dance of Assassins &#8211; Performing Early Colonial Hegemony in the Congo<\/strong>&#8220; (Indiana University Press 2013). Elle d\u00e9bouche sur les rives du lac Tanganyika dans les ann\u00e9es 1880, face \u00e0 deux aventuriers. Ce n&#8217;est pas pour rien que l&#8217;\u00e9tude s&#8217;intitule &#8222;Danse des assassins&#8220;. Ils se sont rencontr\u00e9s sur un pied d&#8217;\u00e9galit\u00e9, comme les gens aiment \u00e0 le dire aujourd&#8217;hui.<\/p>\n<p><span class=\"tlid-translation translation\" lang=\"fr\"><span class=\"\" title=\"\">L&#8217;un, Lusinga, \u00e9tait un chef tabwa et leader d&#8217;une arm\u00e9e priv\u00e9e de maraudeurs ou chevaliers chanceux sur le lac Tanganyika.<\/span> <span class=\"\" title=\"\">Il s&#8217;est engag\u00e9 dans la traite des esclaves avec les Zanzibari et a terroris\u00e9 les villages environnant autres que tabwa.<\/span> <span class=\"\" title=\"\">Sa grande figure en bois magique \u00e9tait une preuve visible de sa position \u00abl\u00e9gitime\u00bb.<\/span><\/span><\/p>\n<div class=\"sl-wrap\">\n<div class=\"sl-more tlid-open-source-language-list\" tabindex=\"0\" role=\"button\" aria-label=\"Mehr\">\n<p><span class=\"tlid-translation translation\" lang=\"fr\">L&#8217;autre, le lieutenant Storms, \u00e9tait seul en tant qu&#8217;agent inofficiel du roi L\u00e9opold sur le lac Tanganyika. Il avait \u00e9galement une petite arm\u00e9e priv\u00e9e. Il ne voulait pas accepter une insulte d\u00e9lib\u00e9r\u00e9e de la part de l&#8217;adversaire local. Ses mercenaires africains lui ont apport\u00e9 sa t\u00eate et la figure du pouvoir. Ils ont d\u00fb dispara\u00eetre avec le \u00abroi\u00bb afin que sa famille ne puisse pas renouveler sa pr\u00e9tention \u00e0 gouverner. <\/span>En raison d&#8217;un accord entre Morton Stanley et le puissant marchand est-africain Tippu Tip (<a href=\"https:\/\/en.wikipedia.org\/wiki\/Tippu_Tip\" target=\"_blank\" rel=\"noopener noreferrer\">LINK<\/a>), Storms est retourn\u00e9 en Belgique sans r\u00e9sultat.<\/p>\n<p>La figure a impressionn\u00e9 Storms non seulement comme un troph\u00e9e, sinon elle n&#8217;aurait pas re\u00e7u de place d&#8217;honneur dans le salon \u00e0 domicile encore plus de trente ans. Ce n&#8217;est que sa veuve qui les a remis au Mus\u00e9e Colonial \u00e0 Tervuren.<\/p>\n<div id=\"attachment_11382\" style=\"width: 370px\" class=\"wp-caption aligncenter\"><a href=\"http:\/\/detlev.von.graeve.org\/wp-content\/uploads\/2020\/01\/Lusinga-bei-Storms-2019-10-09.jpg\"><img loading=\"lazy\" decoding=\"async\" aria-describedby=\"caption-attachment-11382\" class=\"size-medium wp-image-11382\" src=\"http:\/\/detlev.von.graeve.org\/wp-content\/uploads\/2020\/01\/Lusinga-bei-Storms-2019-10-09-360x225.jpg\" alt=\"\" width=\"360\" height=\"225\" srcset=\"http:\/\/detlev.von.graeve.org\/wp-content\/uploads\/2020\/01\/Lusinga-bei-Storms-2019-10-09-360x225.jpg 360w, http:\/\/detlev.von.graeve.org\/wp-content\/uploads\/2020\/01\/Lusinga-bei-Storms-2019-10-09-900x563.jpg 900w, http:\/\/detlev.von.graeve.org\/wp-content\/uploads\/2020\/01\/Lusinga-bei-Storms-2019-10-09-624x390.jpg 624w, http:\/\/detlev.von.graeve.org\/wp-content\/uploads\/2020\/01\/Lusinga-bei-Storms-2019-10-09.jpg 1000w\" sizes=\"auto, (max-width: 360px) 100vw, 360px\" \/><\/a><p id=\"caption-attachment-11382\" class=\"wp-caption-text\">Lusinga in Storms&#8216; Salon Screenshot 2019-10-09<\/p><\/div>\n<p><span class=\"tlid-translation translation\" lang=\"fr\">Pour moi, cela change la question morale sans perdre de son acuit\u00e9. Elle devient plus complexe et plus ouverte que sous un angle purement victime: les \u00abpionniers\u00bb belges, fran\u00e7ais et allemands de la conqu\u00eate coloniale ont utilis\u00e9 des m\u00e9thodes des tyrants <\/span><span class=\"tlid-translation translation\" lang=\"fr\">\u00ablocaux\u00bb<\/span><span class=\"tlid-translation translation\" lang=\"fr\"> ou des chefs de milice de leur \u00e9poque.<br \/>\n<\/span><\/p>\n<\/div>\n<\/div>\n<div class=\"tl-sugg\"><\/div>\n<p>&nbsp;<\/p>\n<div id=\"attachment_11383\" style=\"width: 189px\" class=\"wp-caption alignright\"><a href=\"http:\/\/detlev.von.graeve.org\/wp-content\/uploads\/2020\/01\/Lusingas-Figur-2019-10-09.jpg\"><img loading=\"lazy\" decoding=\"async\" aria-describedby=\"caption-attachment-11383\" class=\"size-medium wp-image-11383\" src=\"http:\/\/detlev.von.graeve.org\/wp-content\/uploads\/2020\/01\/Lusingas-Figur-2019-10-09-179x360.jpg\" alt=\"\" width=\"179\" height=\"360\" srcset=\"http:\/\/detlev.von.graeve.org\/wp-content\/uploads\/2020\/01\/Lusingas-Figur-2019-10-09-179x360.jpg 179w, http:\/\/detlev.von.graeve.org\/wp-content\/uploads\/2020\/01\/Lusingas-Figur-2019-10-09.jpg 334w\" sizes=\"auto, (max-width: 179px) 100vw, 179px\" \/><\/a><p id=\"caption-attachment-11383\" class=\"wp-caption-text\">screenshot ARTE 2019-10-09<\/p><\/div>\n<p>Allen F. Roberts analyse les discours historiques des deux c\u00f4t\u00e9s, avec humour, et d\u00e9crit ses exp\u00e9riences sur la fa\u00e7on de comprendre la \u00abv\u00e9rit\u00e9 historique\u00bb ici et l\u00e0. La plate-forme Internet \u00abJstor.com\u00bb propose\u00a0 gratuitement les passages initiales des chapitres du livres\u00a0 (<a href=\"https:\/\/www.jstor.org\/stable\/j.ctt16gzh1n\" target=\"_blank\" rel=\"noopener noreferrer\">LINK<\/a>). Une certaine perspicacit\u00e9 en r\u00e9sulte, mais elle est rendue difficile par la r\u00e9p\u00e9tition des sujets sous diff\u00e9rents angles.<\/p>\n<p>Je travaille toujours sur des r\u00e9sum\u00e9s, comme par exemple la rh\u00e9torique africaine traditionnelle ou des reflexions sur le \u00abma\u00eetre-autel\u00bb la\u00efque de Storm.<\/p>\n<p>P.S.<\/p>\n<p><span class=\"tlid-translation translation\" lang=\"fr\"><span class=\"\" title=\"\">Cette sculpture soit\u00a0 \u00abl&#8217;\u0153uvre d&#8217;art africaine la plus importante de Tervuren\u00bb, comme le pr\u00e9tend le film hors \u00e9cran?<\/span> <span class=\"\" title=\"\">\u00abPlut\u00f4t p\u00e2teux\u00bb, je dirais, les pieds, la forme, aucun visage digne, comme on le sait gr\u00e2ce d&#8217;autres statues ancestrales des Tabwa.<em>\u00a0<\/em><\/span><\/span><em> \u00a0\u00a0\u00a0\u00a0\u00a0\u00a0\u00a0\u00a0\u00a0\u00a0\u00a0\u00a0\u00a0\u00a0\u00a0\u00a0\u00a0\u00a0\u00a0\u00a0\u00a0\u00a0\u00a0 <\/em><em><br \/>\n<\/em><\/p>\n","protected":false},"excerpt":{"rendered":"<p>18 mai 2020\u00a0 |\u00a0 VERSION FRANCAISE\u00a0 |\u00a0 Version allemande &gt; LINK DEUX ASPECTS D&#8216; UNE &#8222;ARTE &#8220; R\u00c9PORTAGE\u00a0 SUR LA \u00abD\u00c9COLONIALISATION\u00bb DU MUS\u00c9E TERVUREN<\/p>\n","protected":false},"author":1,"featured_media":0,"comment_status":"open","ping_status":"closed","sticky":false,"template":"","format":"standard","meta":{"footnotes":""},"categories":[206,219],"tags":[],"class_list":["post-11406","post","type-post","status-publish","format-standard","hentry","category-translations-traductions","category-starke-fetische-in-tervuren"],"_links":{"self":[{"href":"http:\/\/detlev.von.graeve.org\/index.php?rest_route=\/wp\/v2\/posts\/11406","targetHints":{"allow":["GET"]}}],"collection":[{"href":"http:\/\/detlev.von.graeve.org\/index.php?rest_route=\/wp\/v2\/posts"}],"about":[{"href":"http:\/\/detlev.von.graeve.org\/index.php?rest_route=\/wp\/v2\/types\/post"}],"author":[{"embeddable":true,"href":"http:\/\/detlev.von.graeve.org\/index.php?rest_route=\/wp\/v2\/users\/1"}],"replies":[{"embeddable":true,"href":"http:\/\/detlev.von.graeve.org\/index.php?rest_route=%2Fwp%2Fv2%2Fcomments&post=11406"}],"version-history":[{"count":24,"href":"http:\/\/detlev.von.graeve.org\/index.php?rest_route=\/wp\/v2\/posts\/11406\/revisions"}],"predecessor-version":[{"id":14017,"href":"http:\/\/detlev.von.graeve.org\/index.php?rest_route=\/wp\/v2\/posts\/11406\/revisions\/14017"}],"wp:attachment":[{"href":"http:\/\/detlev.von.graeve.org\/index.php?rest_route=%2Fwp%2Fv2%2Fmedia&parent=11406"}],"wp:term":[{"taxonomy":"category","embeddable":true,"href":"http:\/\/detlev.von.graeve.org\/index.php?rest_route=%2Fwp%2Fv2%2Fcategories&post=11406"},{"taxonomy":"post_tag","embeddable":true,"href":"http:\/\/detlev.von.graeve.org\/index.php?rest_route=%2Fwp%2Fv2%2Ftags&post=11406"}],"curies":[{"name":"wp","href":"https:\/\/api.w.org\/{rel}","templated":true}]}}